{"id":73333,"date":"2024-10-11T09:20:00","date_gmt":"2024-10-11T15:20:00","guid":{"rendered":"https:\/\/zonaroja.com.mx\/?p=73333"},"modified":"2024-10-11T06:49:31","modified_gmt":"2024-10-11T12:49:31","slug":"se-suma-veracruz-a-busqueda-de-sandra-dominguez-y-su-pareja","status":"publish","type":"post","link":"https:\/\/zonaroja.com.mx\/?p=73333","title":{"rendered":"Se suma Veracruz a b\u00fasqueda de Sandra Dom\u00ednguez y su pareja"},"content":{"rendered":"\n<p>Raymundo Morales\/Zona Roja.&nbsp;<\/p>\n\n\n\n<p>Oaxaca de Ju\u00e1rez, Oax. 11 de octubre de 2024.- La Fiscal\u00eda General del Estado de Oaxaca solicit\u00f3 a su similar de Veracruz su intervenci\u00f3n y colaboraci\u00f3n ministerial en los trabajos de investigaci\u00f3n, as\u00ed como de b\u00fasqueda y localizaci\u00f3n de Sandra Dom\u00ednguez Mart\u00ednez y Alexander Hern\u00e1ndez Hern\u00e1ndez, luego de que las indagatorias revelaron que el veh\u00edculo de las v\u00edctimas fue encontrado en Playa Vicente, perteneciente Veracruz.<\/p>\n\n\n\n<p>Debido a que el veh\u00edculo de las v\u00edctimas fue hallado en territorio veracruzano, \u201cse hace necesario aplicar la corresponsabilidad en virtud del principio de territorialidad que establece la competencia legal de la Fiscal\u00eda General del Estado de Veracruz, por ello, se aplican los mecanismos legales necesarios para la coadyuvancia interinstitucional de forma directa en los trabajos de b\u00fasqueda y localizaci\u00f3n\u201d, destac\u00f3 la instituci\u00f3n en un comunicado.<\/p>\n\n\n\n<p>Expuso que la Fiscal\u00eda de Oaxaca aplica protocolos especializados con la perspectiva de g\u00e9nero como eje transversal al realizar las labores de b\u00fasqueda y localizaci\u00f3n, lo que implica que, dentro del proceso de investigaci\u00f3n se consideran todas las l\u00edneas que permita realizar los actos de investigaci\u00f3n tomando en cuenta las particularidades del caso para lo cual se emplean las herramientas de an\u00e1lisis de contexto de las v\u00edctimas.<\/p>\n\n\n\n<p>En este sentido, en el caso de Sandra Dom\u00ednguez Mart\u00ednez se considera su actividad como abogada, activista y defensora de derechos humanos, con el objetivo de detectar factores de riesgo derivadas tanto de sus labores cotidianas, as\u00ed como de la zona geogr\u00e1fica en la que se desenvolv\u00eda.<\/p>\n\n\n\n<p>Estos trabajos de an\u00e1lisis de contexto tambi\u00e9n aplican en el caso de Alexander Hern\u00e1ndez Hern\u00e1ndez, por lo que se analiza su perfil y actividades, esto con el objetivo de cubrir todas las l\u00edneas de investigaci\u00f3n que surjan y garantizar una adecuada aplicaci\u00f3n de lo que marcan los protocolos de b\u00fasqueda y localizaci\u00f3n.&nbsp;<\/p>\n\n\n\n<p>La Fiscal\u00eda de Oaxaca recibi\u00f3 la denuncia el 8 de octubre de 2024, en la que familiares de Sandra Estefana Dom\u00ednguez Mart\u00ednez informaron a la instituci\u00f3n que ambas personas fueron vistas por \u00faltima vez el 4 de octubre de 2024 en Mar\u00eda Lombardo en la regi\u00f3n de la Cuenca del Papaloapan, por ello, de forma inmediata iniciaron las labores de investigaci\u00f3n a trav\u00e9s de la Vicefiscal\u00eda General de Atenci\u00f3n a V\u00edctimas y la Sociedad.<\/p>\n\n\n\n<p>REFUERZAN ACCIONES<\/p>\n\n\n\n<p>Por otra parte, a trav\u00e9s de la Comisi\u00f3n Estatal de B\u00fasqueda de Personas Desaparecidas para el Estado de Oaxaca (CEBPEO), el Gobierno del Estado y la Fiscal\u00eda General del Estado de Oaxaca (FGEO), intensificaron las acciones de b\u00fasqueda de Sandra Estefana Dom\u00ednguez y Alexander Hern\u00e1ndez.<\/p>\n\n\n\n<p>En sinergia con autoridades de los tres \u00f3rdenes de gobierno se integraron brigadas interdisciplinarias que durante las \u00faltimas horas recorren las zonas donde la pareja fue vista previa a su desaparici\u00f3n, estableciendo contacto con las autoridades municipales e implementando una campa\u00f1a de difusi\u00f3n mediante boletines de b\u00fasqueda.<\/p>\n\n\n\n<p>En estas acciones se trabaja de manera coordinada con la Comisi\u00f3n Nacional de B\u00fasqueda, la Comisi\u00f3n Estatal de B\u00fasqueda del Estado de Veracruz, la Secretar\u00eda de Gobierno de Oaxaca (Sego), Secretar\u00eda de la Defensa Nacional (Sedena), Guardia Nacional (GN), y la Polic\u00eda Estatal de la Secretar\u00eda de Seguridad y Protecci\u00f3n Ciudadana (SSPC).<\/p>\n","protected":false},"excerpt":{"rendered":"<p>Raymundo Morales\/Zona Roja.&nbsp; Oaxaca de Ju\u00e1rez, Oax. 11 de octubre de 2024.- La Fiscal\u00eda General&hellip;<\/p>\n","protected":false},"author":2,"featured_media":73334,"comment_status":"closed","ping_status":"open","sticky":false,"template":"","format":"standard","meta":{"_lmt_disableupdate":"","_lmt_disable":"","_jetpack_memberships_contains_paid_content":false,"footnotes":""},"categories":[109,46],"tags":[4086],"class_list":["post-73333","post","type-post","status-publish","format-standard","has-post-thumbnail","hentry","category-minuto-a-minuto","category-zona-blanca","tag-sandra-dominguez"],"jetpack_featured_media_url":"https:\/\/zonaroja.com.mx\/wp-content\/uploads\/2024\/10\/Busqueda-de-Sandra-Dominguez.jpeg","jetpack_sharing_enabled":true,"_links":{"self":[{"href":"https:\/\/zonaroja.com.mx\/index.php?rest_route=\/wp\/v2\/posts\/73333","targetHints":{"allow":["GET"]}}],"collection":[{"href":"https:\/\/zonaroja.com.mx\/index.php?rest_route=\/wp\/v2\/posts"}],"about":[{"href":"https:\/\/zonaroja.com.mx\/index.php?rest_route=\/wp\/v2\/types\/post"}],"author":[{"embeddable":true,"href":"https:\/\/zonaroja.com.mx\/index.php?rest_route=\/wp\/v2\/users\/2"}],"replies":[{"embeddable":true,"href":"https:\/\/zonaroja.com.mx\/index.php?rest_route=%2Fwp%2Fv2%2Fcomments&post=73333"}],"version-history":[{"count":1,"href":"https:\/\/zonaroja.com.mx\/index.php?rest_route=\/wp\/v2\/posts\/73333\/revisions"}],"predecessor-version":[{"id":73335,"href":"https:\/\/zonaroja.com.mx\/index.php?rest_route=\/wp\/v2\/posts\/73333\/revisions\/73335"}],"wp:featuredmedia":[{"embeddable":true,"href":"https:\/\/zonaroja.com.mx\/index.php?rest_route=\/wp\/v2\/media\/73334"}],"wp:attachment":[{"href":"https:\/\/zonaroja.com.mx\/index.php?rest_route=%2Fwp%2Fv2%2Fmedia&parent=73333"}],"wp:term":[{"taxonomy":"category","embeddable":true,"href":"https:\/\/zonaroja.com.mx\/index.php?rest_route=%2Fwp%2Fv2%2Fcategories&post=73333"},{"taxonomy":"post_tag","embeddable":true,"href":"https:\/\/zonaroja.com.mx\/index.php?rest_route=%2Fwp%2Fv2%2Ftags&post=73333"}],"curies":[{"name":"wp","href":"https:\/\/api.w.org\/{rel}","templated":true}]}}