{"id":7334,"date":"2020-01-05T17:51:51","date_gmt":"2020-01-05T23:51:51","guid":{"rendered":"http:\/\/www.zonaroja.com.mx\/?p=7334"},"modified":"2020-01-05T17:51:53","modified_gmt":"2020-01-05T23:51:53","slug":"colectivo-de-mujeres-reprocha-amparo-otorgado-a-exdiputado-vera-carrizal","status":"publish","type":"post","link":"https:\/\/zonaroja.com.mx\/?p=7334","title":{"rendered":"Colectivo de mujeres reprocha amparo otorgado a exdiputado Vera Carrizal"},"content":{"rendered":"\n<p>Redacci\u00f3n\/Evlin\nArag\u00f3n\/Zona Roja.<\/p>\n\n\n\n<p>Oaxaca\nde Ju\u00e1rez, Oax., 5 de enero de 2020.- Un grupo de mujeres congregadas en el\nColectivo 50+1 reprob\u00f3 la suspensi\u00f3n provisional contra orden de aprehensi\u00f3n\nque otorg\u00f3 un juez federal en contra del ex diputado local Juan Antonio Vera\nCarrizal, se\u00f1alado por Mar\u00eda Elena como el autor intelectual de la agresi\u00f3n con\n\u00e1cido en su contra.<\/p>\n\n\n\n<p>A\ntrav\u00e9s de un documento, exigi\u00f3 una investigaci\u00f3n eficiente e imparcial \u201cdesde\nla procuraci\u00f3n de justicia que dirige la Fiscal\u00eda General de Oaxaca hasta sus\n\u00faltimas consecuencias\u201d, respecto al delito contra la joven saxofonista.<\/p>\n\n\n\n<p>Pidi\u00f3\nasimismo se garantice la integridad f\u00edsica y psicol\u00f3gica de las v\u00edctimas\nindirectas, as\u00ed como el otorgamiento de medidas cautelares para su debida\nprotecci\u00f3n; que la atenci\u00f3n especializada hacia Mar\u00eda Elena no tenga ning\u00fan\nimpedimento.<\/p>\n\n\n\n<p>Tambi\u00e9n, que la Defensor\u00eda de Derechos Humanos del Pueblo de Oaxaca exija protecci\u00f3n integral a las autoridades, tanto hacia las v\u00edctimas como a sus familiares y amistades.<\/p>\n\n\n\n<figure class=\"wp-block-image\"><img decoding=\"async\" width=\"819\" height=\"1024\" src=\"http:\/\/www.zonaroja.com.mx\/wp-content\/uploads\/2020\/01\/Colectivo-501-819x1024.jpg\" alt=\"\" class=\"wp-image-7335\" srcset=\"https:\/\/zonaroja.com.mx\/wp-content\/uploads\/2020\/01\/Colectivo-501-819x1024.jpg 819w, https:\/\/zonaroja.com.mx\/wp-content\/uploads\/2020\/01\/Colectivo-501-240x300.jpg 240w, https:\/\/zonaroja.com.mx\/wp-content\/uploads\/2020\/01\/Colectivo-501-768x960.jpg 768w, https:\/\/zonaroja.com.mx\/wp-content\/uploads\/2020\/01\/Colectivo-501-585x731.jpg 585w, https:\/\/zonaroja.com.mx\/wp-content\/uploads\/2020\/01\/Colectivo-501.jpg 1024w\" sizes=\"(max-width: 819px) 100vw, 819px\" \/><\/figure>\n\n\n\n<p>AMPARO\nABERRANTE<\/p>\n\n\n\n<p>En\ntanto, como aberrante calific\u00f3 la familia de la saxofonista atacada con \u00e1cido,\nMar\u00eda Elena R\u00edos Ortiz, la acci\u00f3n legal emprendida por Juan Vera Carrizal para\nevitar que sea detenido por su se\u00f1alada responsabilidad en la agresi\u00f3n que\nsufriera la joven de 26 a\u00f1os de edad, en septiembre pasado.<\/p>\n\n\n\n<p>Lo\nanterior luego de que se diera a conocer que el empresario promovi\u00f3 un juicio\nde amparo ante \u201cactos privativos de libertad\u201d, espec\u00edficamente por una orden de\naprehensi\u00f3n que pudiera existir en su contra al ser se\u00f1alado como autor\nintelectual del ataque.<\/p>\n\n\n\n<p>\u201cMe\nparece aberrante ante la gravedad del acto cometido por Vera Carrizal, los\ncuales en el fondo ten\u00edan la intenci\u00f3n de arrebatarle la vida a mi Mar\u00eda\nElena\u201d, cita un documento difundido en las redes sociales y firmado por la\nhermana de la saxofonista, Silvia R\u00edos Ortiz.<\/p>\n\n\n\n<p>Cuestion\u00f3\ntambi\u00e9n que con tres mil 500 pesos -costo del procedimiento legal- el Juez\nFederal Cuarto de Distrito le otorgue la garant\u00eda de no ser detenido, ante la\nreciente presi\u00f3n social que se ha ejercido para lograr su captura y\nprocesamiento penal como autor intelectual de los hechos que desfiguraron el\nrostro de la joven y dejaron severos da\u00f1os en su cuerpo.<\/p>\n\n\n\n<p>Por\nlo que exigi\u00f3 a las instancias involucradas actuar con rectitud, sin dar paso a\nactos que se pudieran malinterpretar y que s\u00f3lo puedan manchar la procuraci\u00f3n y\nadministraci\u00f3n de justicia en Oaxaca.<\/p>\n\n\n\n<p>\u201cPido\nque la brutalidad, la sa\u00f1a&nbsp; e impunidad\nno sean el mensaje oficial otorgando a Vera Carrizal un amparo para librar el\ncastigo que merece ante tan cruel manera de violentar la vida de una mujer\u201d,\nexpres\u00f3.<\/p>\n\n\n\n<p>Y\nes que para la familia de la joven, si el caso no es sancionado y queda en la\nimpunidad, quedar\u00e1 abierta la puerta para que otras personas que ostenten\ndinero y poder, utilicen actos violentos y crueles como herramienta de actuaci\u00f3n.<\/p>\n\n\n\n<p>Finalmente\nreiter\u00f3 que temen por la seguridad de Mar\u00eda Elena y de toda su familia, debido\na la venganza que el empresario y ex pol\u00edtico pudieran emprender, raz\u00f3n por la\nque lo responsabilizaron de cualquier cosa que les llegue a pasar.<\/p>\n\n\n\n<p>Por\notra parte, la petici\u00f3n de justicia para Mar\u00eda Elena subida en la plataforma de\nchange.org sigue acumulando adhesiones y hasta el momento supera ya las 105 mil\nfirmas de personas de todo el mundo que se han unido para respaldar a la joven\noaxaque\u00f1a.<\/p>\n","protected":false},"excerpt":{"rendered":"<p>Redacci\u00f3n\/Evlin Arag\u00f3n\/Zona Roja. Oaxaca de Ju\u00e1rez, Oax., 5 de enero de 2020.- Un grupo de&hellip;<\/p>\n","protected":false},"author":2,"featured_media":6686,"comment_status":"closed","ping_status":"open","sticky":false,"template":"","format":"standard","meta":{"_lmt_disableupdate":"","_lmt_disable":"","_jetpack_memberships_contains_paid_content":false,"footnotes":""},"categories":[109,47],"tags":[1144,1124],"class_list":["post-7334","post","type-post","status-publish","format-standard","has-post-thumbnail","hentry","category-minuto-a-minuto","category-zona-gris","tag-juan-antonio-vera-carrizal","tag-maria-elena-rios-ortiz"],"jetpack_featured_media_url":"https:\/\/zonaroja.com.mx\/wp-content\/uploads\/2019\/12\/Vera-Carrizal-y-Mar\u00eda-Elena.jpg","jetpack_sharing_enabled":true,"_links":{"self":[{"href":"https:\/\/zonaroja.com.mx\/index.php?rest_route=\/wp\/v2\/posts\/7334","targetHints":{"allow":["GET"]}}],"collection":[{"href":"https:\/\/zonaroja.com.mx\/index.php?rest_route=\/wp\/v2\/posts"}],"about":[{"href":"https:\/\/zonaroja.com.mx\/index.php?rest_route=\/wp\/v2\/types\/post"}],"author":[{"embeddable":true,"href":"https:\/\/zonaroja.com.mx\/index.php?rest_route=\/wp\/v2\/users\/2"}],"replies":[{"embeddable":true,"href":"https:\/\/zonaroja.com.mx\/index.php?rest_route=%2Fwp%2Fv2%2Fcomments&post=7334"}],"version-history":[{"count":1,"href":"https:\/\/zonaroja.com.mx\/index.php?rest_route=\/wp\/v2\/posts\/7334\/revisions"}],"predecessor-version":[{"id":7336,"href":"https:\/\/zonaroja.com.mx\/index.php?rest_route=\/wp\/v2\/posts\/7334\/revisions\/7336"}],"wp:featuredmedia":[{"embeddable":true,"href":"https:\/\/zonaroja.com.mx\/index.php?rest_route=\/wp\/v2\/media\/6686"}],"wp:attachment":[{"href":"https:\/\/zonaroja.com.mx\/index.php?rest_route=%2Fwp%2Fv2%2Fmedia&parent=7334"}],"wp:term":[{"taxonomy":"category","embeddable":true,"href":"https:\/\/zonaroja.com.mx\/index.php?rest_route=%2Fwp%2Fv2%2Fcategories&post=7334"},{"taxonomy":"post_tag","embeddable":true,"href":"https:\/\/zonaroja.com.mx\/index.php?rest_route=%2Fwp%2Fv2%2Ftags&post=7334"}],"curies":[{"name":"wp","href":"https:\/\/api.w.org\/{rel}","templated":true}]}}