{"id":73348,"date":"2024-10-11T16:34:08","date_gmt":"2024-10-11T22:34:08","guid":{"rendered":"https:\/\/zonaroja.com.mx\/?p=73348"},"modified":"2024-10-11T16:34:10","modified_gmt":"2024-10-11T22:34:10","slug":"enesima-ejecucion-en-el-istmo-en-valles-hallan-tronco-de-cuerpo-humano","status":"publish","type":"post","link":"https:\/\/zonaroja.com.mx\/?p=73348","title":{"rendered":"En\u00e9sima ejecuci\u00f3n en el Istmo; en Valles hallan tronco de cuerpo humano"},"content":{"rendered":"\n<p>Raymundo Morales\/Zona Roja.<\/p>\n\n\n\n<p>Oaxaca de Ju\u00e1rez, Oax., a 11 de octubre de 2024.- Una persona del sexo masculino fue ejecutada a balazos esta tarde en Mat\u00edas Romero Avenda\u00f1o, municipio de la regi\u00f3n del Istmo.<\/p>\n\n\n\n<p>El individuo, identificado de manera preliminar como Luis Felipe T. N., de 23 a\u00f1os de edad, fue acribillado a bordo de su motocicleta en una calle de la colonia Barrio Ju\u00e1rez Norte, cerca de un plantel educativo del nivel bachillerato.<\/p>\n\n\n\n<p>Hasta el momento no hay ninguna persona detenida por este delito, pese a que fue en la cabecera municipal, donde no hab\u00eda polic\u00edas en la zona.<\/p>\n\n\n\n<p>Personal de la Vicefiscal\u00eda Regional del Istmo arrib\u00f3 al lugar, para iniciar las indagatorias correspondientes.<\/p>\n\n\n\n<p>LOS TROZOS<\/p>\n\n\n\n<p>Por otra parte, polic\u00edas municipales de San Pedro Guegorexe, localizaron este viernes el torso de un cuerpo humano, cerca de la carretera federal 175 Oaxaca-Puerto \u00c1ngel.&nbsp;<\/p>\n\n\n\n<p>De acuerdo con el reporte policiaco, fue alrededor de las 11:00 en que ocurri\u00f3 el hallazgo en jurisdicci\u00f3n de la Villa de Zaachila, perteneciente a la regi\u00f3n Valles Centrales.&nbsp;<\/p>\n\n\n\n<p>Se trata del torso, sin piernas ni brazos, pues estas extremidades fueron localizadas el pasado lunes en territorio de Santo Tom\u00e1s Jalietza, municipio del distrito de Ocotl\u00e1n, regi\u00f3n Valles Centrales.<\/p>\n\n\n\n<p>Se encontraron a un costado del libramiento vial a Ocotl\u00e1n de Morelos, cerca de un parador tur\u00edstico; a\u00fan se desconoce d\u00f3nde qued\u00f3 tirada la cabeza humana.<\/p>\n","protected":false},"excerpt":{"rendered":"<p>Raymundo Morales\/Zona Roja. Oaxaca de Ju\u00e1rez, Oax., a 11 de octubre de 2024.- Una persona&hellip;<\/p>\n","protected":false},"author":2,"featured_media":73349,"comment_status":"closed","ping_status":"open","sticky":false,"template":"","format":"standard","meta":{"_lmt_disableupdate":"","_lmt_disable":"","_jetpack_memberships_contains_paid_content":false,"footnotes":""},"categories":[109,51],"tags":[228],"class_list":["post-73348","post","type-post","status-publish","format-standard","has-post-thumbnail","hentry","category-minuto-a-minuto","category-zona-roja","tag-matias-romero-avendano"],"jetpack_featured_media_url":"https:\/\/zonaroja.com.mx\/wp-content\/uploads\/2024\/10\/Cuerpo-de-ejecutado-Jalietza-Guegorexe-Zaachila.jpg","jetpack_sharing_enabled":true,"_links":{"self":[{"href":"https:\/\/zonaroja.com.mx\/index.php?rest_route=\/wp\/v2\/posts\/73348","targetHints":{"allow":["GET"]}}],"collection":[{"href":"https:\/\/zonaroja.com.mx\/index.php?rest_route=\/wp\/v2\/posts"}],"about":[{"href":"https:\/\/zonaroja.com.mx\/index.php?rest_route=\/wp\/v2\/types\/post"}],"author":[{"embeddable":true,"href":"https:\/\/zonaroja.com.mx\/index.php?rest_route=\/wp\/v2\/users\/2"}],"replies":[{"embeddable":true,"href":"https:\/\/zonaroja.com.mx\/index.php?rest_route=%2Fwp%2Fv2%2Fcomments&post=73348"}],"version-history":[{"count":1,"href":"https:\/\/zonaroja.com.mx\/index.php?rest_route=\/wp\/v2\/posts\/73348\/revisions"}],"predecessor-version":[{"id":73350,"href":"https:\/\/zonaroja.com.mx\/index.php?rest_route=\/wp\/v2\/posts\/73348\/revisions\/73350"}],"wp:featuredmedia":[{"embeddable":true,"href":"https:\/\/zonaroja.com.mx\/index.php?rest_route=\/wp\/v2\/media\/73349"}],"wp:attachment":[{"href":"https:\/\/zonaroja.com.mx\/index.php?rest_route=%2Fwp%2Fv2%2Fmedia&parent=73348"}],"wp:term":[{"taxonomy":"category","embeddable":true,"href":"https:\/\/zonaroja.com.mx\/index.php?rest_route=%2Fwp%2Fv2%2Fcategories&post=73348"},{"taxonomy":"post_tag","embeddable":true,"href":"https:\/\/zonaroja.com.mx\/index.php?rest_route=%2Fwp%2Fv2%2Ftags&post=73348"}],"curies":[{"name":"wp","href":"https:\/\/api.w.org\/{rel}","templated":true}]}}