{"id":73351,"date":"2024-10-11T17:54:26","date_gmt":"2024-10-11T23:54:26","guid":{"rendered":"https:\/\/zonaroja.com.mx\/?p=73351"},"modified":"2024-10-11T17:54:28","modified_gmt":"2024-10-11T23:54:28","slug":"familiares-de-sandra-dominguez-piden-intervencion-de-sheinbaum","status":"publish","type":"post","link":"https:\/\/zonaroja.com.mx\/?p=73351","title":{"rendered":"Familiares de Sandra Dom\u00ednguez piden intervenci\u00f3n de Sheinbaum"},"content":{"rendered":"\n<p>Raymundo Morales\/Zona Roja.<\/p>\n\n\n\n<p>Oaxaca de Ju\u00e1rez, Oax., a 11 de octubre de 2024.- La madre y las hermanas de Sandra Est\u00e9fana Dom\u00ednguez Mart\u00ednez pidieron hoy la intervenci\u00f3n de la Presidenta Claudia Sheinbaum para agilizar la b\u00fasqueda de la activista y su esposo Alexander Hern\u00e1ndez.<\/p>\n\n\n\n<p>\u201cMe dirijo a usted con el coraz\u00f3n lleno de esperanza y angustia, solicitando su intervenci\u00f3n en un asunto de extrema importancia y dolor personal\u201d, ley\u00f3 Kenia, durante una conferencia de prensa en la capital oaxaque\u00f1a.&nbsp;<\/p>\n\n\n\n<p>Narraron los hechos de la desaparici\u00f3n ocurrida el pasado 4 de octubre, en Mar\u00eda Lombardo de Caso, municipio de San Juan Cotzoc\u00f3n Mixe, donde se les vio por \u00faltima vez.<\/p>\n\n\n\n<p>\u201cDesde entonces, hemos estado buscando incansablemente cualquier pista que nos lleve a su localizaci\u00f3n. A pesar de nuestros esfuerzos, la situaci\u00f3n ha sido abrumadora y desalentadora.&nbsp;<\/p>\n\n\n\n<p>\u201cComo familia, nos sentimos desesperados y vulnerables, y apelamos a su sensibilidad y compromiso con los derechos humanos y la seguridad de nuestros ciudadanos\u201d, destac\u00f3 a nombre de la familia.<\/p>\n\n\n\n<p>Pidi\u00f3 que se intensifiquen las b\u00fasquedas y se destinen recursos adicionales a este caso. \u201cLa intervenci\u00f3n de su oficina podr\u00eda significar una diferencia crucial en la localizaci\u00f3n de mi hermana y en la atenci\u00f3n a los casos de personas desaparecidas en nuestro pa\u00eds\u201d,<\/p>\n\n\n\n<p>Tambi\u00e9n, acompa\u00f1ada de sus hermanas Aracely y Adriana, y la madre de ellas, Marina, dirigieron una misiva al gobernador de Oaxaca, Salom\u00f3n Jara Cruz:<\/p>\n\n\n\n<p>\u201cEl compromiso de su administraci\u00f3n con la seguridad y el bienestar de todos los ciudadanos es conocido y respetado. Por ello, apelo a su humanidad y su liderazgo para que se tomen medidas inmediatas que fortalezcan la b\u00fasqueda de Sandra Estefana Dom\u00ednguez Mart\u00ednez.<\/p>\n\n\n\n<figure class=\"wp-block-image size-full\"><img decoding=\"async\" width=\"800\" height=\"534\" src=\"https:\/\/zonaroja.com.mx\/wp-content\/uploads\/2024\/10\/Familia-de-Sandra-Dominguez-y-familia.jpeg\" alt=\"\" class=\"wp-image-73353\" srcset=\"https:\/\/zonaroja.com.mx\/wp-content\/uploads\/2024\/10\/Familia-de-Sandra-Dominguez-y-familia.jpeg 800w, https:\/\/zonaroja.com.mx\/wp-content\/uploads\/2024\/10\/Familia-de-Sandra-Dominguez-y-familia-300x200.jpeg 300w, https:\/\/zonaroja.com.mx\/wp-content\/uploads\/2024\/10\/Familia-de-Sandra-Dominguez-y-familia-768x513.jpeg 768w, https:\/\/zonaroja.com.mx\/wp-content\/uploads\/2024\/10\/Familia-de-Sandra-Dominguez-y-familia-585x390.jpeg 585w, https:\/\/zonaroja.com.mx\/wp-content\/uploads\/2024\/10\/Familia-de-Sandra-Dominguez-y-familia-263x175.jpeg 263w\" sizes=\"(max-width: 800px) 100vw, 800px\" \/><\/figure>\n\n\n\n<p>\u201cLa participaci\u00f3n activa de su gobierno podr\u00eda marcar una diferencia significativa y devolvernos la esperanza, al entregarnos con vida a Sandra\u201d.<\/p>\n\n\n\n<p>En la conferencia estuvieron tambi\u00e9n integrantes de la asociaci\u00f3n civil como Y\u00e9sica S\u00e1nchez Maya, quien llam\u00f3 al mandatario a no repetir la historia de su antecesor Alejandro Murat, quien fue incapaz de presentar con vida a las defensoras Irma Galindo y Claudia Uruchurt\u00fa que a la fecha seguimos sin saber su paradero.&nbsp;<\/p>\n\n\n\n<p>Se enfatiz\u00f3 el llamado al funcionariado del Poder Ejecutivo a no contaminar la investigaci\u00f3n filtrando o fijando posturas que solo evidencian su inter\u00e9s de obstaculizar la b\u00fasqueda.<\/p>\n\n\n\n<p>Tras la conferencia de prensa, partieron en marcha, arropadas por la organizaci\u00f3n \u201cSol Rojo\u201d, hacia el Palacio de Gobierno, con la intenci\u00f3n de solicitar una audiencia con el titular del Poder Ejecutivo.<\/p>\n\n\n\n<p>Sin embargo, s\u00f3lo salieron dos trabajadoras de menor rango del \u00e1rea de Atenci\u00f3n Ciudadana, quienes \u00fanicamente tomaron nota de la petici\u00f3n y los datos de la familia.<\/p>\n\n\n\n<p>En ese momento aparecieron otras funcionarias, tambi\u00e9n de menor rango, de la Secretar\u00eda de Gobierno quienes, seg\u00fan los familiares, pusieron condiciones para el ingreso de una comisi\u00f3n, lo que gener\u00f3 un altercado.<\/p>\n\n\n\n<p>Finalmente, se les ofreci\u00f3 una mesa de di\u00e1logo pero hasta esta tarde, no se ten\u00eda confirmaci\u00f3n del encuentro.<\/p>\n\n\n\n<figure class=\"wp-block-embed is-type-rich is-provider-twitter wp-block-embed-twitter\"><div class=\"wp-block-embed__wrapper\">\n<div class=\"twitter-tweet\"><blockquote class=\"twitter-tweet\" data-lang=\"es\"><p lang=\"es\" dir=\"ltr\">Dos funcionarias de menor rango, del \u00e1rea de Atenci\u00f3n Ciudadana, salieron a atender a familiares de Sandra Dom\u00ednguez y activistas, sin capacidad de decisi\u00f3n. <br>Tras ello lleg\u00f3 personal de la <a href=\"https:\/\/twitter.com\/SEGO_Oax?ref_src=twsrc%5Etfw\">@SEGO_Oax<\/a> pero pretendi\u00f3 condicionar el ingreso al Palacio de Gobierno, lo que irrit\u00f3 a\u2026 <a href=\"https:\/\/t.co\/4UQJp2NFu0\">pic.twitter.com\/4UQJp2NFu0<\/a><\/p>&mdash; Zona Roja Oaxaca (@ZonaRoja_Oaxaca) <a href=\"https:\/\/twitter.com\/ZonaRoja_Oaxaca\/status\/1844829840115147211?ref_src=twsrc%5Etfw\">11 de octubre de 2024<\/a><\/blockquote><\/div>\n<\/div><\/figure>\n","protected":false},"excerpt":{"rendered":"<p>Raymundo Morales\/Zona Roja. Oaxaca de Ju\u00e1rez, Oax., a 11 de octubre de 2024.- La madre&hellip;<\/p>\n","protected":false},"author":2,"featured_media":73355,"comment_status":"closed","ping_status":"open","sticky":false,"template":"","format":"standard","meta":{"_lmt_disableupdate":"","_lmt_disable":"","_jetpack_memberships_contains_paid_content":false,"footnotes":""},"categories":[109,47],"tags":[4086],"class_list":["post-73351","post","type-post","status-publish","format-standard","has-post-thumbnail","hentry","category-minuto-a-minuto","category-zona-gris","tag-sandra-dominguez"],"jetpack_featured_media_url":"https:\/\/zonaroja.com.mx\/wp-content\/uploads\/2024\/10\/Familia-caso-Sandra-Dominguez.jpeg","jetpack_sharing_enabled":true,"_links":{"self":[{"href":"https:\/\/zonaroja.com.mx\/index.php?rest_route=\/wp\/v2\/posts\/73351","targetHints":{"allow":["GET"]}}],"collection":[{"href":"https:\/\/zonaroja.com.mx\/index.php?rest_route=\/wp\/v2\/posts"}],"about":[{"href":"https:\/\/zonaroja.com.mx\/index.php?rest_route=\/wp\/v2\/types\/post"}],"author":[{"embeddable":true,"href":"https:\/\/zonaroja.com.mx\/index.php?rest_route=\/wp\/v2\/users\/2"}],"replies":[{"embeddable":true,"href":"https:\/\/zonaroja.com.mx\/index.php?rest_route=%2Fwp%2Fv2%2Fcomments&post=73351"}],"version-history":[{"count":1,"href":"https:\/\/zonaroja.com.mx\/index.php?rest_route=\/wp\/v2\/posts\/73351\/revisions"}],"predecessor-version":[{"id":73356,"href":"https:\/\/zonaroja.com.mx\/index.php?rest_route=\/wp\/v2\/posts\/73351\/revisions\/73356"}],"wp:featuredmedia":[{"embeddable":true,"href":"https:\/\/zonaroja.com.mx\/index.php?rest_route=\/wp\/v2\/media\/73355"}],"wp:attachment":[{"href":"https:\/\/zonaroja.com.mx\/index.php?rest_route=%2Fwp%2Fv2%2Fmedia&parent=73351"}],"wp:term":[{"taxonomy":"category","embeddable":true,"href":"https:\/\/zonaroja.com.mx\/index.php?rest_route=%2Fwp%2Fv2%2Fcategories&post=73351"},{"taxonomy":"post_tag","embeddable":true,"href":"https:\/\/zonaroja.com.mx\/index.php?rest_route=%2Fwp%2Fv2%2Ftags&post=73351"}],"curies":[{"name":"wp","href":"https:\/\/api.w.org\/{rel}","templated":true}]}}