{"id":73357,"date":"2024-10-11T18:10:13","date_gmt":"2024-10-12T00:10:13","guid":{"rendered":"https:\/\/zonaroja.com.mx\/?p=73357"},"modified":"2024-10-11T18:10:15","modified_gmt":"2024-10-12T00:10:15","slug":"matan-a-funcionario-de-la-fiscalia-de-jalisco-en-sinaloa-ejecutan-hasta-en-hospital","status":"publish","type":"post","link":"https:\/\/zonaroja.com.mx\/?p=73357","title":{"rendered":"Matan a funcionario de la Fiscal\u00eda de Jalisco; en Sinaloa ejecutan hasta en hospital"},"content":{"rendered":"\n<p>Redacci\u00f3n\/Zona Roja Cdmx.<\/p>\n\n\n\n<p>Ciudad de M\u00e9xico, a 11 de octubre de 2024.- El gobernador de Jalisco, Enrique Alfaro, inform\u00f3 sobre el asesinato de Jaime Navarro, director General de Procesos de la Fiscal\u00eda del estado.<\/p>\n\n\n\n<p>El homicidio ocurri\u00f3 la noche del jueves 10 de octubre a las 22:06 horas en Circunvalaci\u00f3n divisi\u00f3n del Norte y Fray Jun\u00edpero Sierra, en la colonia Jardines Alcalde, al exterior de una farmacia Guadalajara.<\/p>\n\n\n\n<p>De acuerdo con la informaci\u00f3n preliminar, de la Fiscal\u00eda de Jalisco, el funcionario fue atacado cuando bajaba de una camioneta Mercedes Benz de color negro en el estacionamiento de una tienda de autoservicio, donde tambi\u00e9n se localiz\u00f3 el veh\u00edculo en el que viajaba.<\/p>\n\n\n\n<p>Fueron dos sujetos quienes le dispararon con armas largas, sin mediar palabras, y huyeron a bordo de un carro y una motocicleta; a menos de 50 metros del sitiode la agresi\u00f3n se ubica un punto de auxilio con c\u00e1maras del sistema de videovigilancia estatal Escudo Urbano C5.&nbsp;<\/p>\n\n\n\n<p>Tras el arribo de param\u00e9dicos, se confirm\u00f3 que presentaba heridas producidas de bala y ya no ten\u00eda signos vitales.<\/p>\n\n\n\n<p>El funcionario trabajaba, desde 2008, en la Procuradur\u00eda General de Justicia, y en la actual administraci\u00f3n se desempe\u00f1\u00f3 como director de Seguimiento a Procesos de la Fiscal\u00eda de Jalisco; era el encargado del tratamiento de los juicios penales a nombre de la Fiscal\u00eda Estatal.<\/p>\n\n\n\n<p>EN SINALOA<\/p>\n\n\n\n<p>Un paciente que se encontraba internado en el Hospital General de Culiac\u00e1n del centro de la ciudad fue rematado a balazos la noche de este jueves 10 de octubre por un individuo que ingres\u00f3 burlando la vigilancia del lugar.<\/p>\n\n\n\n<p>La victima, identificada como Carlos Alberto \u2018N\u2019, de 23 a\u00f1os de edad, era atendido en la cama 235 del tercer piso del hospital antiguo, ubicado en la colonia Antonio Rosales, a unas siete calles del centro hist\u00f3rico de Culiac\u00e1n, que desde hace un mes ha sido espacio de una \u2018guerra\u2019 entre grupos del crimen organizado, principalmente de las facciones del C\u00e1rtel de Sinaloa conformadas por \u2018Los Chapitos\u2019 y el brazo armado que serv\u00eda a Ismael \u2018El Mayo\u2019 Zambada.<\/p>\n\n\n\n<p>El lesionado hab\u00eda sido internado desde el pasado 23 de septiembre por heridas de bala que le produjeron en la poblaci\u00f3n de Tepuchito, una localidad rural de apenas 300 habitantes localizada a 18 kil\u00f3metros al sur de la capital sinaloense. En donde el Ej\u00e9rcito habia realizado un operativo contra una c\u00e9lula delincuencial.<\/p>\n\n\n\n<p>Se recuperaba en la cama 235 del hospital, pero esta noche, aproximadamente a las 20:00 horas, un sujeto burl\u00f3 la vigilancia de la entrada para familiares y lleg\u00f3 hasta el lugar de restablecimiento y remat\u00f3 a balazos al paciente.<\/p>\n\n\n\n<p>(Informaci\u00f3n de \u201cEl Financiero\u201d)<\/p>\n","protected":false},"excerpt":{"rendered":"<p>Redacci\u00f3n\/Zona Roja Cdmx. Ciudad de M\u00e9xico, a 11 de octubre de 2024.- El gobernador de&hellip;<\/p>\n","protected":false},"author":2,"featured_media":73358,"comment_status":"closed","ping_status":"open","sticky":false,"template":"","format":"standard","meta":{"_lmt_disableupdate":"","_lmt_disable":"","_jetpack_memberships_contains_paid_content":false,"footnotes":""},"categories":[109,51],"tags":[],"class_list":["post-73357","post","type-post","status-publish","format-standard","has-post-thumbnail","hentry","category-minuto-a-minuto","category-zona-roja"],"jetpack_featured_media_url":"https:\/\/zonaroja.com.mx\/wp-content\/uploads\/2024\/10\/Asesinan-a-Jaime-Navarro-director-de-procesos-de-la-Fiscalia-de-Jalisco.jpg","jetpack_sharing_enabled":true,"_links":{"self":[{"href":"https:\/\/zonaroja.com.mx\/index.php?rest_route=\/wp\/v2\/posts\/73357","targetHints":{"allow":["GET"]}}],"collection":[{"href":"https:\/\/zonaroja.com.mx\/index.php?rest_route=\/wp\/v2\/posts"}],"about":[{"href":"https:\/\/zonaroja.com.mx\/index.php?rest_route=\/wp\/v2\/types\/post"}],"author":[{"embeddable":true,"href":"https:\/\/zonaroja.com.mx\/index.php?rest_route=\/wp\/v2\/users\/2"}],"replies":[{"embeddable":true,"href":"https:\/\/zonaroja.com.mx\/index.php?rest_route=%2Fwp%2Fv2%2Fcomments&post=73357"}],"version-history":[{"count":1,"href":"https:\/\/zonaroja.com.mx\/index.php?rest_route=\/wp\/v2\/posts\/73357\/revisions"}],"predecessor-version":[{"id":73359,"href":"https:\/\/zonaroja.com.mx\/index.php?rest_route=\/wp\/v2\/posts\/73357\/revisions\/73359"}],"wp:featuredmedia":[{"embeddable":true,"href":"https:\/\/zonaroja.com.mx\/index.php?rest_route=\/wp\/v2\/media\/73358"}],"wp:attachment":[{"href":"https:\/\/zonaroja.com.mx\/index.php?rest_route=%2Fwp%2Fv2%2Fmedia&parent=73357"}],"wp:term":[{"taxonomy":"category","embeddable":true,"href":"https:\/\/zonaroja.com.mx\/index.php?rest_route=%2Fwp%2Fv2%2Fcategories&post=73357"},{"taxonomy":"post_tag","embeddable":true,"href":"https:\/\/zonaroja.com.mx\/index.php?rest_route=%2Fwp%2Fv2%2Ftags&post=73357"}],"curies":[{"name":"wp","href":"https:\/\/api.w.org\/{rel}","templated":true}]}}