{"id":73360,"date":"2024-10-11T22:07:50","date_gmt":"2024-10-12T04:07:50","guid":{"rendered":"https:\/\/zonaroja.com.mx\/?p=73360"},"modified":"2024-10-11T22:07:52","modified_gmt":"2024-10-12T04:07:52","slug":"media-hermana-de-cuauhtemoc-blanco-lo-denuncia-por-intento-de-violacion","status":"publish","type":"post","link":"https:\/\/zonaroja.com.mx\/?p=73360","title":{"rendered":"Media hermana de Cuauht\u00e9moc Blanco lo denuncia por intento de violaci\u00f3n"},"content":{"rendered":"\n<p>Redacci\u00f3n\/Zona Roja Cdmx.<\/p>\n\n\n\n<p>Ciudad de M\u00e9xico, a 11 de octubre de 2024.- El exfutbolista Cuauht\u00e9moc Blanco fue acusado de intento de violaci\u00f3n por su media hermana, inform\u00f3 este viernes la prensa local.<\/p>\n\n\n\n<p>Seg\u00fan las versiones, la denuncia fue presentada la semana pasada ante la Fiscal\u00eda de Morelos, entidad que Blanco gobern\u00f3 de 2018 hasta este a\u00f1o.<\/p>\n\n\n\n<p>El exdelantero, que jug\u00f3 con la Selecci\u00f3n Mexicana en los mundiales de 1998, 2002 y 2010, es diputado federal por Morena.<\/p>\n\n\n\n<p>De momento Cuauht\u00e9moc Blanco no se ha pronunciado por la denuncia.<\/p>\n\n\n\n<p>No es la primera vez que el exjugador del Am\u00e9rica es acusado de la comisi\u00f3n de alg\u00fan delito. Durante su gesti\u00f3n como gobernador opositores lo denunciaron por nepotismo, y entre los nombres de familiares que se habr\u00edan beneficiado con cargos est\u00e1 Fabiola \u2018N\u2019, su media hermana.<\/p>\n\n\n\n<p>Adem\u00e1s, Cuauht\u00e9moc Blanco recibi\u00f3 denuncias ante la Fiscal\u00eda Anticorrupci\u00f3n de Morelos por supuestos actos de corrupci\u00f3n cuando fue gobernador, y exfuncionarios de su gesti\u00f3n han sugerido que tuvo v\u00ednculos con el crimen organizado.<\/p>\n\n\n\n<p>Cuauht\u00e9moc Blanco dej\u00f3 el futbol en 2015. Jug\u00f3 120 partidos con la Selecci\u00f3n Mexicana en la que marc\u00f3 39 goles. Tambi\u00e9n tuvo un breve paso por el Real Valladolid.&nbsp;<\/p>\n\n\n\n<p>(Con informaci\u00f3n de EFE, en Forbes M\u00e9xico)<\/p>\n","protected":false},"excerpt":{"rendered":"<p>Redacci\u00f3n\/Zona Roja Cdmx. Ciudad de M\u00e9xico, a 11 de octubre de 2024.- El exfutbolista Cuauht\u00e9moc&hellip;<\/p>\n","protected":false},"author":2,"featured_media":73361,"comment_status":"closed","ping_status":"open","sticky":false,"template":"","format":"standard","meta":{"_lmt_disableupdate":"","_lmt_disable":"","_jetpack_memberships_contains_paid_content":false,"footnotes":""},"categories":[109,47],"tags":[4088],"class_list":["post-73360","post","type-post","status-publish","format-standard","has-post-thumbnail","hentry","category-minuto-a-minuto","category-zona-gris","tag-cuauhtemoc-blanco"],"jetpack_featured_media_url":"https:\/\/zonaroja.com.mx\/wp-content\/uploads\/2024\/10\/Cuauhtemoc-Blanco.webp","jetpack_sharing_enabled":true,"_links":{"self":[{"href":"https:\/\/zonaroja.com.mx\/index.php?rest_route=\/wp\/v2\/posts\/73360","targetHints":{"allow":["GET"]}}],"collection":[{"href":"https:\/\/zonaroja.com.mx\/index.php?rest_route=\/wp\/v2\/posts"}],"about":[{"href":"https:\/\/zonaroja.com.mx\/index.php?rest_route=\/wp\/v2\/types\/post"}],"author":[{"embeddable":true,"href":"https:\/\/zonaroja.com.mx\/index.php?rest_route=\/wp\/v2\/users\/2"}],"replies":[{"embeddable":true,"href":"https:\/\/zonaroja.com.mx\/index.php?rest_route=%2Fwp%2Fv2%2Fcomments&post=73360"}],"version-history":[{"count":1,"href":"https:\/\/zonaroja.com.mx\/index.php?rest_route=\/wp\/v2\/posts\/73360\/revisions"}],"predecessor-version":[{"id":73362,"href":"https:\/\/zonaroja.com.mx\/index.php?rest_route=\/wp\/v2\/posts\/73360\/revisions\/73362"}],"wp:featuredmedia":[{"embeddable":true,"href":"https:\/\/zonaroja.com.mx\/index.php?rest_route=\/wp\/v2\/media\/73361"}],"wp:attachment":[{"href":"https:\/\/zonaroja.com.mx\/index.php?rest_route=%2Fwp%2Fv2%2Fmedia&parent=73360"}],"wp:term":[{"taxonomy":"category","embeddable":true,"href":"https:\/\/zonaroja.com.mx\/index.php?rest_route=%2Fwp%2Fv2%2Fcategories&post=73360"},{"taxonomy":"post_tag","embeddable":true,"href":"https:\/\/zonaroja.com.mx\/index.php?rest_route=%2Fwp%2Fv2%2Ftags&post=73360"}],"curies":[{"name":"wp","href":"https:\/\/api.w.org\/{rel}","templated":true}]}}