{"id":73363,"date":"2024-10-12T07:11:46","date_gmt":"2024-10-12T13:11:46","guid":{"rendered":"https:\/\/zonaroja.com.mx\/?p=73363"},"modified":"2024-10-12T07:11:47","modified_gmt":"2024-10-12T13:11:47","slug":"evaluan-claudia-sheinbaum-y-salomon-jara-reconstruccion-en-la-costa","status":"publish","type":"post","link":"https:\/\/zonaroja.com.mx\/?p=73363","title":{"rendered":"Eval\u00faan Claudia Sheinbaum y Salom\u00f3n Jara reconstrucci\u00f3n en la Costa"},"content":{"rendered":"\n<p>Raymundo Morales\/Zona Roja.<\/p>\n\n\n\n<p>Oaxaca de Ju\u00e1rez, Oax., a 12 de octubre de 2024.- De manera virtual, la Presidenta de M\u00e9xico, Claudia Sheinbaum, y el gobernador de Oaxaca, Salom\u00f3n Jara Cruz, evaluaron los avances en la recuperaci\u00f3n de las comunidades afectadas por el paso del hurac\u00e1n \u201cJohn\u201d y la depresi\u00f3n tropical Once-E.<\/p>\n\n\n\n<p>La actividad se efectu\u00f3 mientras el mandatario se encontraba gira en la regi\u00f3n Costa del estado, acompa\u00f1ado de diversos funcionarios de la administraci\u00f3n estatal.<\/p>\n\n\n\n<p>En la reuni\u00f3n virtual se acordaron acciones y priorizar apoyos para las familias que m\u00e1s lo necesitan.&nbsp;<\/p>\n\n\n\n<p>El gobierno trabaja de la mano con la federaci\u00f3n, reparando los da\u00f1os en materia de infraestructura, viviendas, escuelas, campos de cultivo, energ\u00eda el\u00e9ctrica, carreteras y caminos, se inform\u00f3 en un comunicado.<\/p>\n\n\n\n<p>Indic\u00f3 que por ello, contin\u00faa visitando los territorios afectados para atender de manera directa y cercana a las comunidades que sufrieron estragos por estos fen\u00f3menos meteorol\u00f3gicos, brindando ayuda inmediata.<\/p>\n\n\n\n<p>LOS RECORRIDOS&nbsp;<\/p>\n\n\n\n<p>En ese marco y al recorrer diversos municipios, este viernes Jara Cruz refrend\u00f3 el apoyo de su gobierno para resarcir las necesidades de las y los habitantes de esta regi\u00f3n de la Costa que resultaron afectados por los remanentes del hurac\u00e1n John en d\u00edas pasados.&nbsp;<\/p>\n\n\n\n<p>Desde la comunidad de Paso de la Garrocha, Pinotepa Nacional, expres\u00f3 que, a fin de dar inicio a la etapa de reconstrucci\u00f3n, este jueves por instrucci\u00f3n de la Presidenta de M\u00e9xico Claudia Sheinbaum Pardo, las brigadas de Servidores de la Naci\u00f3n de la Secretar\u00eda de Bienestar del Gobierno Federal iniciaron el levantamiento del censo, casa por casa, para evaluar los da\u00f1os en vivienda y sus familias.<\/p>\n\n\n\n<p>Agreg\u00f3 que tambi\u00e9n se registran las afectaciones en los cultivos para apoyarlos mediante la Secretar\u00eda de Fomento Agroalimentario y Desarrollo Rural (Sefader), toda vez que esta comunidad registr\u00f3 la p\u00e9rdida total en producci\u00f3n de cacahuate, ma\u00edz, ajonjol\u00ed y jamaica.<\/p>\n\n\n\n<p>Estuvo tambi\u00e9n en Jos\u00e9 Mar\u00eda Morelos, donde se registr\u00f3 la mayor afectaci\u00f3n en producci\u00f3n de papaya con m\u00e1s de 572 hect\u00e1reas.<\/p>\n\n\n\n<p>En este encuentro se inform\u00f3 que Santa Mar\u00eda Huazolotitl\u00e1n tambi\u00e9n result\u00f3 con afectaciones en cultivo de lim\u00f3n, ajonjol\u00ed y pl\u00e1tano, por lo que el mandatario estatal refrend\u00f3 el apoyo y respaldo del gobierno de Oaxaca para resarcir estas p\u00e9rdidas.&nbsp;<\/p>\n\n\n\n<p>Salom\u00f3n Jara estuvo adem\u00e1s en Paso La Garrocha y en Pinotepa Nacional; en esta cabecera municipal, supervis\u00f3 el hospital general, para verificar la atenci\u00f3n que se brinda a los usuarios.<\/p>\n","protected":false},"excerpt":{"rendered":"<p>Raymundo Morales\/Zona Roja. Oaxaca de Ju\u00e1rez, Oax., a 12 de octubre de 2024.- De manera&hellip;<\/p>\n","protected":false},"author":2,"featured_media":73364,"comment_status":"closed","ping_status":"open","sticky":false,"template":"","format":"standard","meta":{"_lmt_disableupdate":"","_lmt_disable":"","_jetpack_memberships_contains_paid_content":false,"footnotes":""},"categories":[109,46],"tags":[939],"class_list":["post-73363","post","type-post","status-publish","format-standard","has-post-thumbnail","hentry","category-minuto-a-minuto","category-zona-blanca","tag-salomon-jara-cruz"],"jetpack_featured_media_url":"https:\/\/zonaroja.com.mx\/wp-content\/uploads\/2024\/10\/Salomon-Jara.jpg","jetpack_sharing_enabled":true,"_links":{"self":[{"href":"https:\/\/zonaroja.com.mx\/index.php?rest_route=\/wp\/v2\/posts\/73363","targetHints":{"allow":["GET"]}}],"collection":[{"href":"https:\/\/zonaroja.com.mx\/index.php?rest_route=\/wp\/v2\/posts"}],"about":[{"href":"https:\/\/zonaroja.com.mx\/index.php?rest_route=\/wp\/v2\/types\/post"}],"author":[{"embeddable":true,"href":"https:\/\/zonaroja.com.mx\/index.php?rest_route=\/wp\/v2\/users\/2"}],"replies":[{"embeddable":true,"href":"https:\/\/zonaroja.com.mx\/index.php?rest_route=%2Fwp%2Fv2%2Fcomments&post=73363"}],"version-history":[{"count":1,"href":"https:\/\/zonaroja.com.mx\/index.php?rest_route=\/wp\/v2\/posts\/73363\/revisions"}],"predecessor-version":[{"id":73365,"href":"https:\/\/zonaroja.com.mx\/index.php?rest_route=\/wp\/v2\/posts\/73363\/revisions\/73365"}],"wp:featuredmedia":[{"embeddable":true,"href":"https:\/\/zonaroja.com.mx\/index.php?rest_route=\/wp\/v2\/media\/73364"}],"wp:attachment":[{"href":"https:\/\/zonaroja.com.mx\/index.php?rest_route=%2Fwp%2Fv2%2Fmedia&parent=73363"}],"wp:term":[{"taxonomy":"category","embeddable":true,"href":"https:\/\/zonaroja.com.mx\/index.php?rest_route=%2Fwp%2Fv2%2Fcategories&post=73363"},{"taxonomy":"post_tag","embeddable":true,"href":"https:\/\/zonaroja.com.mx\/index.php?rest_route=%2Fwp%2Fv2%2Ftags&post=73363"}],"curies":[{"name":"wp","href":"https:\/\/api.w.org\/{rel}","templated":true}]}}