{"id":73366,"date":"2024-10-12T08:30:00","date_gmt":"2024-10-12T14:30:00","guid":{"rendered":"https:\/\/zonaroja.com.mx\/?p=73366"},"modified":"2024-10-12T07:41:56","modified_gmt":"2024-10-12T13:41:56","slug":"y-en-donde-estan-las-diputadas-y-senadoras-que-no-exigen-busqueda-de-sandra","status":"publish","type":"post","link":"https:\/\/zonaroja.com.mx\/?p=73366","title":{"rendered":"\u00bfY en d\u00f3nde est\u00e1n las diputadas y senadoras que no exigen b\u00fasqueda de Sandra?"},"content":{"rendered":"\n<p>Ismael Garc\u00eda M.\/Zona Roja.<\/p>\n\n\n\n<p>Oaxaca de Ju\u00e1rez, Oax., a 12 de octubre de 2024.- El Observatorio Estatal de Ciudadanas para la Participaci\u00f3n Pol\u00edtica de Mujeres Ind\u00edgenas y Afromexicanas recrimin\u00f3 el silencio de las diputadas locales y federales, as\u00ed como de las senadoras, para pronunciarse y exigir la aparici\u00f3n con vida de Sandra Est\u00e9fana Dom\u00ednguez y su pareja Alexander Hern\u00e1ndez, desaparecidas en la zona Mixe de Oaxaca el pasado 4 de octubre.<\/p>\n\n\n\n<p>\u201cNos dirigimos a ustedes con profunda preocupaci\u00f3n por el silencio que han conservado ante la lamentable desaparici\u00f3n de la ciudadana y activista defensora de derechos humanos Sandra Estefan\u00eda Dom\u00ednguez Mart\u00ednez, una mujer ayuujk de nuestro estado, hecho violento que no solo afecta a su familia y comunidad, sino que representa una grave violaci\u00f3n a sus derechos humanos y una alerta sobre la situaci\u00f3n de violencia constante que enfrentan las mujeres ind\u00edgenas y defensoras en Oaxaca, silencio que es inadmisible y podr\u00eda interpretarse como complicidad con quienes perpet\u00faan estas injusticias.&nbsp;<\/p>\n\n\n\n<p>\u201cSu silencio nos obliga a pensar que no cuentan con las condiciones adecuadas para ejercer su cargo libre de violencia, lo cual ser\u00eda grav\u00edsimo y prende alertas sobre el ejercicio de una violencia estructural que les impide actuar con autonom\u00eda. Les recordamos que su compromiso es con el pueblo, y el pueblo exige cambios reales.<\/p>\n\n\n\n<p>\u201cComo representantes populares, tienen la responsabilidad de defender los derechos de quienes las eligieron. Nosotras, las mujeres, esperamos que levanten la voz y exijan medidas concretas para conocer el paradero de Sandra Estefan\u00eda Dominguez Mart\u00ednez\u201d, expuso el Observatorio en un comunicado.<\/p>\n\n\n\n<p>Exigi\u00f3 a las diputadas y a las senadoras por Oaxaca que condenen en\u00e9rgicamente la desaparici\u00f3n de la defensora; requieran a las autoridades investigaci\u00f3n exhaustiva y pronta para dar con su paradero, se agoten todos los recursos disponibles para encontrarla con vida y que se garantice su seguridad y la de sus familiares.<\/p>\n\n\n\n<p>Adem\u00e1s, promuevan la implementaci\u00f3n de pol\u00edticas p\u00fablicas que aborden las causas estructurales de la violencia contra las mujeres ind\u00edgenas, como la discriminaci\u00f3n, la desigualdad y la falta de acceso a la justicia.<\/p>\n\n\n\n<p>Fortalezcan los mecanismos de protecci\u00f3n para las mujeres ind\u00edgenas en situaci\u00f3n de riesgo, as\u00ed como los servicios de atenci\u00f3n a v\u00edctimas de violencia de g\u00e9nero.<\/p>\n\n\n\n<p>\u201cDemandamos que condenen la criminalizaci\u00f3n y revictimizaci\u00f3n de las v\u00edctimas, especialmente por parte de medios y figuras p\u00fablicas que, con el fin de manipular la opini\u00f3n p\u00fablica, buscan tergiversar los hechos relacionados con desapariciones y violaciones a los derechos humanos\u201d.<\/p>\n\n\n\n<p>El colectivo tiene como fin promover, facilitar la participaci\u00f3n pol\u00edtica de las mujeres ind\u00edgenas y afromexicanas, generando propuestas e iniciativas que incidan en la pol\u00edtica p\u00fablica y acciones de las autoridades, adem\u00e1s un medio para vigilar que la participaci\u00f3n pol\u00edtica de las mujeres ind\u00edgenas-afromexicanas sea efectiva y en contextos libres de violencia.<\/p>\n","protected":false},"excerpt":{"rendered":"<p>Ismael Garc\u00eda M.\/Zona Roja. Oaxaca de Ju\u00e1rez, Oax., a 12 de octubre de 2024.- El&hellip;<\/p>\n","protected":false},"author":2,"featured_media":73367,"comment_status":"closed","ping_status":"open","sticky":false,"template":"","format":"standard","meta":{"_lmt_disableupdate":"","_lmt_disable":"","_jetpack_memberships_contains_paid_content":false,"footnotes":""},"categories":[109,47],"tags":[4086],"class_list":["post-73366","post","type-post","status-publish","format-standard","has-post-thumbnail","hentry","category-minuto-a-minuto","category-zona-gris","tag-sandra-dominguez"],"jetpack_featured_media_url":"https:\/\/zonaroja.com.mx\/wp-content\/uploads\/2024\/10\/sandra-Dominguez-desaparecida.jpg","jetpack_sharing_enabled":true,"_links":{"self":[{"href":"https:\/\/zonaroja.com.mx\/index.php?rest_route=\/wp\/v2\/posts\/73366","targetHints":{"allow":["GET"]}}],"collection":[{"href":"https:\/\/zonaroja.com.mx\/index.php?rest_route=\/wp\/v2\/posts"}],"about":[{"href":"https:\/\/zonaroja.com.mx\/index.php?rest_route=\/wp\/v2\/types\/post"}],"author":[{"embeddable":true,"href":"https:\/\/zonaroja.com.mx\/index.php?rest_route=\/wp\/v2\/users\/2"}],"replies":[{"embeddable":true,"href":"https:\/\/zonaroja.com.mx\/index.php?rest_route=%2Fwp%2Fv2%2Fcomments&post=73366"}],"version-history":[{"count":1,"href":"https:\/\/zonaroja.com.mx\/index.php?rest_route=\/wp\/v2\/posts\/73366\/revisions"}],"predecessor-version":[{"id":73368,"href":"https:\/\/zonaroja.com.mx\/index.php?rest_route=\/wp\/v2\/posts\/73366\/revisions\/73368"}],"wp:featuredmedia":[{"embeddable":true,"href":"https:\/\/zonaroja.com.mx\/index.php?rest_route=\/wp\/v2\/media\/73367"}],"wp:attachment":[{"href":"https:\/\/zonaroja.com.mx\/index.php?rest_route=%2Fwp%2Fv2%2Fmedia&parent=73366"}],"wp:term":[{"taxonomy":"category","embeddable":true,"href":"https:\/\/zonaroja.com.mx\/index.php?rest_route=%2Fwp%2Fv2%2Fcategories&post=73366"},{"taxonomy":"post_tag","embeddable":true,"href":"https:\/\/zonaroja.com.mx\/index.php?rest_route=%2Fwp%2Fv2%2Ftags&post=73366"}],"curies":[{"name":"wp","href":"https:\/\/api.w.org\/{rel}","templated":true}]}}