{"id":73369,"date":"2024-10-12T09:43:00","date_gmt":"2024-10-12T15:43:00","guid":{"rendered":"https:\/\/zonaroja.com.mx\/?p=73369"},"modified":"2024-10-12T07:44:58","modified_gmt":"2024-10-12T13:44:58","slug":"palestina-debe-ser-reconocido-igual-que-el-estado-de-israel-sheinbaum-pardo","status":"publish","type":"post","link":"https:\/\/zonaroja.com.mx\/?p=73369","title":{"rendered":"\u00abPalestina debe ser reconocido igual que el Estado de Israel\u00bb: Sheinbaum Pardo"},"content":{"rendered":"\n<p>Redacci\u00f3n\/Zona Roja Cdmx.<\/p>\n\n\n\n<p>Ciudad de M\u00e9xico, a 12 de octubre de 2024.- La presidenta de M\u00e9xico, Claudia Sheinbaum Pardo afirm\u00f3 que el Estado Palestino tiene que ser reconocido como el de Israel.\u00a0<\/p>\n\n\n\n<p>En conferencia de prensa de ayer, se pronunci\u00f3 porque se debe condenar cualquier forma de violencia, al ser cuestionada por la guerra que se lleva a cabo en Gaza.<\/p>\n\n\n\n<p>Sheinbaum Pardo expres\u00f3 que coincide con el expresidente Andr\u00e9s Manuel L\u00f3pez Obrador que M\u00e9xico busca la paz, adem\u00e1s que la ONU deber\u00eda ser \u201cmucho m\u00e1s proactivo\u201d en la b\u00fasqueda y construcci\u00f3n de la paz en el mundo.<\/p>\n\n\n\n<p>\u201cCondenamos las agresiones que se est\u00e1n viviendo, y adem\u00e1s consideramos que el Estado Palestino debe ser reconocido en toda su magnitud, igual que el Estado de Israel, esa ha sido la posici\u00f3n de M\u00e9xico desde hace muchos a\u00f1os y esa es la posici\u00f3n que nosotros tenemos\u201d, dijo.<\/p>\n\n\n\n<p>Record\u00f3 que Alicia B\u00e1rcena, como canciller en el sexenio pasado, conden\u00f3 \u201cesta masacre y detenci\u00f3n ilegal de personas que hizo un grupo palestino\u201d: \u201cY tambi\u00e9n despu\u00e9s se conden\u00f3 las agresiones del estado de Israel a Palestina y hoy lo que est\u00e1 ocurriendo en el mundo\u201d.<\/p>\n\n\n\n<p>\u201cLa b\u00fasqueda de la paz por encima de todo, la guerra nunca va a llevar a buen destino\u201d, expres\u00f3 Claudia Sheinbaum.<\/p>\n\n\n\n<p>(Informaci\u00f3n de \u201cNaci\u00f3n 321\u201d)<\/p>\n","protected":false},"excerpt":{"rendered":"<p>Redacci\u00f3n\/Zona Roja Cdmx. Ciudad de M\u00e9xico, a 12 de octubre de 2024.- La presidenta de&hellip;<\/p>\n","protected":false},"author":2,"featured_media":72992,"comment_status":"closed","ping_status":"open","sticky":false,"template":"","format":"standard","meta":{"_lmt_disableupdate":"","_lmt_disable":"","_jetpack_memberships_contains_paid_content":false,"footnotes":""},"categories":[109,46],"tags":[3370],"class_list":["post-73369","post","type-post","status-publish","format-standard","has-post-thumbnail","hentry","category-minuto-a-minuto","category-zona-blanca","tag-claudia-sheinbaum"],"jetpack_featured_media_url":"https:\/\/zonaroja.com.mx\/wp-content\/uploads\/2024\/10\/Claudia-Sheinbaum-2.jpg","jetpack_sharing_enabled":true,"_links":{"self":[{"href":"https:\/\/zonaroja.com.mx\/index.php?rest_route=\/wp\/v2\/posts\/73369","targetHints":{"allow":["GET"]}}],"collection":[{"href":"https:\/\/zonaroja.com.mx\/index.php?rest_route=\/wp\/v2\/posts"}],"about":[{"href":"https:\/\/zonaroja.com.mx\/index.php?rest_route=\/wp\/v2\/types\/post"}],"author":[{"embeddable":true,"href":"https:\/\/zonaroja.com.mx\/index.php?rest_route=\/wp\/v2\/users\/2"}],"replies":[{"embeddable":true,"href":"https:\/\/zonaroja.com.mx\/index.php?rest_route=%2Fwp%2Fv2%2Fcomments&post=73369"}],"version-history":[{"count":1,"href":"https:\/\/zonaroja.com.mx\/index.php?rest_route=\/wp\/v2\/posts\/73369\/revisions"}],"predecessor-version":[{"id":73370,"href":"https:\/\/zonaroja.com.mx\/index.php?rest_route=\/wp\/v2\/posts\/73369\/revisions\/73370"}],"wp:featuredmedia":[{"embeddable":true,"href":"https:\/\/zonaroja.com.mx\/index.php?rest_route=\/wp\/v2\/media\/72992"}],"wp:attachment":[{"href":"https:\/\/zonaroja.com.mx\/index.php?rest_route=%2Fwp%2Fv2%2Fmedia&parent=73369"}],"wp:term":[{"taxonomy":"category","embeddable":true,"href":"https:\/\/zonaroja.com.mx\/index.php?rest_route=%2Fwp%2Fv2%2Fcategories&post=73369"},{"taxonomy":"post_tag","embeddable":true,"href":"https:\/\/zonaroja.com.mx\/index.php?rest_route=%2Fwp%2Fv2%2Ftags&post=73369"}],"curies":[{"name":"wp","href":"https:\/\/api.w.org\/{rel}","templated":true}]}}