{"id":7337,"date":"2020-01-05T19:16:08","date_gmt":"2020-01-06T01:16:08","guid":{"rendered":"http:\/\/www.zonaroja.com.mx\/?p=7337"},"modified":"2020-01-05T19:16:11","modified_gmt":"2020-01-06T01:16:11","slug":"apenas-regresan-a-clases-y-seccion-22-va-otra-vez-a-paro-de-72-horas","status":"publish","type":"post","link":"https:\/\/zonaroja.com.mx\/?p=7337","title":{"rendered":"Apenas regresan a clases y Secci\u00f3n 22 va otra vez a paro de 72 horas"},"content":{"rendered":"\n<p>Yuridiana\nSosa\/Zona Roja.<\/p>\n\n\n\n<p>Oaxaca\nde Ju\u00e1rez, Oax., 5 de enero de 2020.- Apenas reinicien las clases tras el\nperiodo vacacional, docentes del nivel de Educaci\u00f3n Ind\u00edgena de la Secci\u00f3n 22\ndel Sindicato Nacional de Trabajadores de la Educaci\u00f3n (SNTE) comenzar\u00e1n un\nparo de labores, a partir del pr\u00f3ximo mi\u00e9rcoles 8 de enero.<\/p>\n\n\n\n<p>Por\nesa movilizaci\u00f3n, los profesores de las comunidades ind\u00edgenas no regresar\u00e1n a\nclase como lo establece el calendario oficial de la Secretar\u00eda de Educaci\u00f3n P\u00fablica\n(SEP).<\/p>\n\n\n\n<p>La\nSecci\u00f3n 22 del SNTE tiene planeado instalar un \u201cplant\u00f3n\u201d en el z\u00f3calo de la\ncapital oaxaque\u00f1a los d\u00edas 8, 9 y 10 de enero.<\/p>\n\n\n\n<p>El\nplan de acci\u00f3n se acord\u00f3 en asamblea estatal mixta del nivel de Escuelas\nInd\u00edgenas el pasado 27 de noviembre.<\/p>\n\n\n\n<p>En tanto, para el pr\u00f3ximo 8 de enero regresar\u00e1n a clases cerca de un mill\u00f3n estudiantes de los tres niveles de educaci\u00f3n b\u00e1sica, as\u00ed como algunas instituciones del nivel de media superior y superior.<\/p>\n\n\n\n<p>Previo al inicio del periodo vacacional decembrino, los docentes del nivel Ind\u00edgena efectuaron un paro de labores, as\u00ed como marchas y protestas, en demanda de reconocimiento a quienes designaron como responsables de ese sector, pese a que no est\u00e1 contemplado en las normas federales y estatales de educaci\u00f3n.<\/p>\n","protected":false},"excerpt":{"rendered":"<p>Yuridiana Sosa\/Zona Roja. Oaxaca de Ju\u00e1rez, Oax., 5 de enero de 2020.- Apenas reinicien las&hellip;<\/p>\n","protected":false},"author":2,"featured_media":7338,"comment_status":"closed","ping_status":"open","sticky":false,"template":"","format":"standard","meta":{"_lmt_disableupdate":"","_lmt_disable":"","_jetpack_memberships_contains_paid_content":false,"footnotes":""},"categories":[109,47],"tags":[312],"class_list":["post-7337","post","type-post","status-publish","format-standard","has-post-thumbnail","hentry","category-minuto-a-minuto","category-zona-gris","tag-seccion-22-del-snte"],"jetpack_featured_media_url":"https:\/\/zonaroja.com.mx\/wp-content\/uploads\/2020\/01\/Secci\u00f3n-22.jpg","jetpack_sharing_enabled":true,"_links":{"self":[{"href":"https:\/\/zonaroja.com.mx\/index.php?rest_route=\/wp\/v2\/posts\/7337","targetHints":{"allow":["GET"]}}],"collection":[{"href":"https:\/\/zonaroja.com.mx\/index.php?rest_route=\/wp\/v2\/posts"}],"about":[{"href":"https:\/\/zonaroja.com.mx\/index.php?rest_route=\/wp\/v2\/types\/post"}],"author":[{"embeddable":true,"href":"https:\/\/zonaroja.com.mx\/index.php?rest_route=\/wp\/v2\/users\/2"}],"replies":[{"embeddable":true,"href":"https:\/\/zonaroja.com.mx\/index.php?rest_route=%2Fwp%2Fv2%2Fcomments&post=7337"}],"version-history":[{"count":1,"href":"https:\/\/zonaroja.com.mx\/index.php?rest_route=\/wp\/v2\/posts\/7337\/revisions"}],"predecessor-version":[{"id":7339,"href":"https:\/\/zonaroja.com.mx\/index.php?rest_route=\/wp\/v2\/posts\/7337\/revisions\/7339"}],"wp:featuredmedia":[{"embeddable":true,"href":"https:\/\/zonaroja.com.mx\/index.php?rest_route=\/wp\/v2\/media\/7338"}],"wp:attachment":[{"href":"https:\/\/zonaroja.com.mx\/index.php?rest_route=%2Fwp%2Fv2%2Fmedia&parent=7337"}],"wp:term":[{"taxonomy":"category","embeddable":true,"href":"https:\/\/zonaroja.com.mx\/index.php?rest_route=%2Fwp%2Fv2%2Fcategories&post=7337"},{"taxonomy":"post_tag","embeddable":true,"href":"https:\/\/zonaroja.com.mx\/index.php?rest_route=%2Fwp%2Fv2%2Ftags&post=7337"}],"curies":[{"name":"wp","href":"https:\/\/api.w.org\/{rel}","templated":true}]}}