{"id":73373,"date":"2024-10-12T09:58:00","date_gmt":"2024-10-12T15:58:00","guid":{"rendered":"https:\/\/zonaroja.com.mx\/?p=73373"},"modified":"2024-10-12T07:59:18","modified_gmt":"2024-10-12T13:59:18","slug":"suprema-corte-debe-acatar-reformas-al-poder-judicial-diputados","status":"publish","type":"post","link":"https:\/\/zonaroja.com.mx\/?p=73373","title":{"rendered":"Suprema Corte debe acatar reformas al Poder Judicial: diputados"},"content":{"rendered":"\n<p>Raymundo Morales\/Zona Roja.<\/p>\n\n\n\n<p>Oaxaca de Ju\u00e1rez, Oax., a 12 de octubre de 2024.- Integrantes de la 65 Legislatura del Congreso del Estado de Oaxaca exigieron a la Suprema Corte de Justicia de la Naci\u00f3n (SCJN) respetar y los cambios constitucionales en materia de reforma del Poder Judicial, aprobados y promulgados el 15 de septiembre de 2024.<\/p>\n\n\n\n<p>\u201cSon un hecho e, invariablemente, se deben acatar. El proceso constitucional que se sigui\u00f3 para ello es legal y, adem\u00e1s, apegado a la norma suprema, por lo que al haber concluido en todas sus fases constitucionales, es ley inatacable\u201d, expuso el Legislativo local.<\/p>\n\n\n\n<p>En un posicionamiento difundido este viernes, detall\u00f3 que proceder en contravenci\u00f3n de lo que ahora estipula la Carta Magna respecto del Poder Judicial o quien se ostente con las atribuciones que la ley no concede, \u201cno solo viola la ley flagrantemente, sino que atenta contra la soberan\u00eda de los Congresos locales que, con el cuidadoso seguimiento al procedimiento de reforma constitucional, sometieron a sus plenos la aprobaci\u00f3n de los art\u00edculos hoy en d\u00eda vigentes, subrayando que fueron promulgados sin que mediara acto de inconstitucionalidad alguno\u201d.<\/p>\n\n\n\n<p>A\u00f1adi\u00f3 que para la presidencia de la Mesa Directiva del Congreso de Oaxaca, resulta inaudito que la Suprema Corte de Justicia de la Naci\u00f3n ponga en tela de juicio un procedimiento de reforma culminado en forma, tiempo y conceptualmente acorde al esp\u00edritu de la Constituci\u00f3n Pol\u00edtica de los Estados Unidos Mexicanos y que, adicionalmente, conllev\u00f3 la decisi\u00f3n soberana de m\u00e1s de una veintena de los Congresos de los estados integrantes de la Federaci\u00f3n.<\/p>\n\n\n\n<p>\u201cPor ello, ya que consideramos a los integrantes del m\u00e1ximo tribunal eruditos de los principios rectores del Estado de Derecho mexicano, conocedores de todas las estipulaciones constitucionales, de las leyes reglamentarias, de todo marco normativo y conscientes de sus propias limitaciones como ministros y a la divisi\u00f3n de poderes, llamamos a ocho de los once ministros que han decidido cuestionar y pronunciarse sin atribuciones respecto a lo ya promulgado en materia del Poder Judicial Federal, a recomponer su actitud.&nbsp;<\/p>\n\n\n\n<p>\u201cSi bien es cierto, la Suprema Corte podr\u00eda dirimir la constitucionalidad de las votaciones de los Congresos locales, sin embargo, en este caso no medi\u00f3 ning\u00fan acto al que se le pudiera tildar de inconstitucional, as\u00ed, los conminamos a cumplir y hacer cumplir la Constituci\u00f3n y las leyes que de ella emanen tal como lo protestaron ante la naci\u00f3n\u201d.<\/p>\n\n\n\n<p>A\u00f1adi\u00f3 que es pertinente recordarles a dichos ocho ministros que los actos del poder reformador no se encuentran sujetos a ninguno de los mecanismos de control jurisdiccional previstos en la Constituci\u00f3n General, mucho menos en su Ley Org\u00e1nica.<\/p>\n\n\n\n<p>\u201cPara los poderes legislativos locales es imperante defender al poder reformador que tiene representaci\u00f3n directa del pueblo soberano y en el que est\u00e1 representada toda la poblaci\u00f3n, pues participan todas y todos los legisladores del pa\u00eds\u201d, expone en el posicionamiento firmado por el presidente de la Mesa Directiva, Samuel Gurri\u00f3n Mat\u00edas.<\/p>\n","protected":false},"excerpt":{"rendered":"<p>Raymundo Morales\/Zona Roja. Oaxaca de Ju\u00e1rez, Oax., a 12 de octubre de 2024.- Integrantes de&hellip;<\/p>\n","protected":false},"author":2,"featured_media":71183,"comment_status":"closed","ping_status":"open","sticky":false,"template":"","format":"standard","meta":{"_lmt_disableupdate":"","_lmt_disable":"","_jetpack_memberships_contains_paid_content":false,"footnotes":""},"categories":[109,46],"tags":[2743],"class_list":["post-73373","post","type-post","status-publish","format-standard","has-post-thumbnail","hentry","category-minuto-a-minuto","category-zona-blanca","tag-65-legislatura-del-estado-de-oaxaca"],"jetpack_featured_media_url":"https:\/\/zonaroja.com.mx\/wp-content\/uploads\/2024\/08\/Sesion-Congreso-del-Estado.jpeg","jetpack_sharing_enabled":true,"_links":{"self":[{"href":"https:\/\/zonaroja.com.mx\/index.php?rest_route=\/wp\/v2\/posts\/73373","targetHints":{"allow":["GET"]}}],"collection":[{"href":"https:\/\/zonaroja.com.mx\/index.php?rest_route=\/wp\/v2\/posts"}],"about":[{"href":"https:\/\/zonaroja.com.mx\/index.php?rest_route=\/wp\/v2\/types\/post"}],"author":[{"embeddable":true,"href":"https:\/\/zonaroja.com.mx\/index.php?rest_route=\/wp\/v2\/users\/2"}],"replies":[{"embeddable":true,"href":"https:\/\/zonaroja.com.mx\/index.php?rest_route=%2Fwp%2Fv2%2Fcomments&post=73373"}],"version-history":[{"count":1,"href":"https:\/\/zonaroja.com.mx\/index.php?rest_route=\/wp\/v2\/posts\/73373\/revisions"}],"predecessor-version":[{"id":73374,"href":"https:\/\/zonaroja.com.mx\/index.php?rest_route=\/wp\/v2\/posts\/73373\/revisions\/73374"}],"wp:featuredmedia":[{"embeddable":true,"href":"https:\/\/zonaroja.com.mx\/index.php?rest_route=\/wp\/v2\/media\/71183"}],"wp:attachment":[{"href":"https:\/\/zonaroja.com.mx\/index.php?rest_route=%2Fwp%2Fv2%2Fmedia&parent=73373"}],"wp:term":[{"taxonomy":"category","embeddable":true,"href":"https:\/\/zonaroja.com.mx\/index.php?rest_route=%2Fwp%2Fv2%2Fcategories&post=73373"},{"taxonomy":"post_tag","embeddable":true,"href":"https:\/\/zonaroja.com.mx\/index.php?rest_route=%2Fwp%2Fv2%2Ftags&post=73373"}],"curies":[{"name":"wp","href":"https:\/\/api.w.org\/{rel}","templated":true}]}}