{"id":73378,"date":"2024-10-12T13:00:00","date_gmt":"2024-10-12T19:00:00","guid":{"rendered":"https:\/\/zonaroja.com.mx\/?p=73378"},"modified":"2024-10-12T16:18:26","modified_gmt":"2024-10-12T22:18:26","slug":"con-deslumbrante-guelaguetza-inauguran-festival-internacional-cervantino","status":"publish","type":"post","link":"https:\/\/zonaroja.com.mx\/?p=73378","title":{"rendered":"Con deslumbrante Guelaguetza, inauguran Festival Internacional Cervantino"},"content":{"rendered":"\n<p>Redacci\u00f3n\/Zona Roja Cdmx.<\/p>\n\n\n\n<p>Ciudad de M\u00e9xico, a 12 de octubre de 2024.- En la explanada de la Alh\u00f3ndiga de Granaditas de Guanajuato se realiz\u00f3 la noche de este viernes la inauguraci\u00f3n del 52 Festival Internacional Cervantino (FIC), con la Guelaguetza, m\u00e1xima fiesta de la identidad oaxaque\u00f1a.<\/p>\n\n\n\n<p>Cu\u00e9vano se convirti\u00f3 en una r\u00e9plica del Cerro del Fort\u00edn donde los grupos art\u00edsticos de regiones de Oaxaca: Valles Centrales, la Sierra Ju\u00e1rez, Tuxtepec, la Mixteca, la Costa y el Istmo de Tehuantepec, deleitaron a turistas y lugare\u00f1os con con bailes, m\u00fasica, danzas y cantos.&nbsp;<\/p>\n\n\n\n<p>Con su vestimenta tradicional, cada una de las delegaciones participantes comparti\u00f3 una parte de su riqueza cultural. El evento fue encabezado por Juana Hern\u00e1ndez, originaria de Santiago Juxtlahuaca, como representante de la Diosa Cent\u00e9otl y embajadora de las fiestas.&nbsp;<\/p>\n\n\n\n<p>La m\u00fasica fue protagonista durante toda la noche, con la presentaci\u00f3n de diferentes Bandas de M\u00fasica de aquella entidad. La gente disfrut\u00f3 del jarabe del Valle, de los sones y jarabes de Tlaxiaco, tambi\u00e9n hizo su aparici\u00f3n la delegaci\u00f3n de San Pedro Pochutla, que con el alma en los pies, bail\u00f3 algunos sones.&nbsp;<\/p>\n\n\n\n<p>El cl\u00edmax del espect\u00e1culo lleg\u00f3 con la presentaci\u00f3n de la Danza de los Diablos de Tecomaxtlahuaca, fue una explosi\u00f3n de color y energ\u00eda.&nbsp;<\/p>\n\n\n\n<p>Previo al espect\u00e1culo de la Guelaguetza, se entreg\u00f3 la Presea Cervantina, al p\u00fablico del encuentro, en este caso fue a Hilda Corona de G\u00f3mez Leal y a su esposo Guillermo G\u00f3mez Leal, quienes representan el fuerte v\u00ednculo generado entre las artes esc\u00e9nicas y el espectador.&nbsp;<\/p>\n\n\n\n<p>Hilda y Guillermo han asistido a 49 ediciones del FIC y han visto una gran variedad de espect\u00e1culos; guardan an\u00e9cdotas incre\u00edbles que atesoran en su mente. \u201cEn nuestras primeras ediciones, lleg\u00e1bamos a acampar, para poder disfrutar de las actividades del festival\u201d, record\u00f3 la pareja.&nbsp;<\/p>\n\n\n\n<p>Cada a\u00f1o, los galardonados revisan la programaci\u00f3n y compran sus boletos para no perderse los eventos &nbsp;m\u00e1s atractivos ya sea en teatros o en escenarios como la Alh\u00f3ndiga de Granaditas.&nbsp;<\/p>\n\n\n\n<p>A su vez, el Premio Periodista fue otorgado a Hilda Josefina Anchondo Villalobos y la Presea Eugenio Trueba a Roberto Morales, m\u00fasico, compositor e investigador, quien ha puesto a Guanajuato en el mapa de la creaci\u00f3n musical experimental.&nbsp;<\/p>\n\n\n\n<p>En la ceremonia inaugural, Mariana Aymerich, directora del encuentro art\u00edstico, coment\u00f3: \u201cEstamos aqu\u00ed porque el arte, la cultura, la sensibilidad, la belleza y la creatividad nos re\u00fanen para compartir un espacio y un tiempo que nos permitan desarrollarnos como seres humanos\u201d.&nbsp;<\/p>\n\n\n\n<p>Indic\u00f3 que durante 17 d\u00edas los espectadores disfrutar\u00e1n &nbsp;de m\u00fasica, danza, circo, teatro y exposiciones \u201cque nos transportar\u00e1n a diferentes \u00e9pocas y lugares, generando di\u00e1logos e ideas que enriquecer\u00e1n nuestras vidas\u201d.&nbsp;<\/p>\n\n\n\n<p>Claudia Curiel de Icaza, en su primer actividad en los estados como secretaria de Cultura federal, reconoci\u00f3 la labor de la Universidad de Guanajuato en la difusi\u00f3n y promoci\u00f3n de la cultura en la entidad. Agreg\u00f3 que el festival ha cumplido su objetivo de \u201cacercar distintas culturas y celebrar la diversidad, la inclusi\u00f3n y la riqueza de expresiones de los pueblos de M\u00e9xico y del mundo. El Cervantino, como cari\u00f1osamente lo nombramos, ha recibido artistas de talla internacional muy importante como el Ballet Bolshoi, Chavela Vargas, Celia Cruz, solo por mencionar algunos. Ahora tenemos como invitados a Oaxaca y Brasil\u201d.&nbsp;<\/p>\n\n\n\n<p>El Embajador de Brasil en M\u00e9xico, Nedilson Jorge, expres\u00f3 que su pa\u00eds estar\u00e1 bien representado en el FIC con la delegaci\u00f3n conformada por artistas, mujeres afro descendientes, personas con discapacidad y miembros de la comunidad LGTB, \u201cson el rostro de un Brasil inclusivo. Hemos elegido lo mejor para esta celebraci\u00f3n del Cervantino, uno de los festivales m\u00e1s importantes\u201d.&nbsp;<\/p>\n\n\n\n<p>Tambi\u00e9n asistieron a la ceremonia inaugural autoridades internacionales, federales, estatales y municipales, entre ellas Libia Dennise Garc\u00eda Mu\u00f1oz Ledo, gobernadora del Estado de Guanajuato y Samantha Smith, presidenta municipal de la ciudad de Guanajuato.<\/p>\n\n\n\n<p>(Informaci\u00f3n de \u201cLa Jornada\u201d)<\/p>\n","protected":false},"excerpt":{"rendered":"<p>Redacci\u00f3n\/Zona Roja Cdmx. Ciudad de M\u00e9xico, a 12 de octubre de 2024.- En la explanada&hellip;<\/p>\n","protected":false},"author":2,"featured_media":73379,"comment_status":"closed","ping_status":"open","sticky":false,"template":"","format":"standard","meta":{"_lmt_disableupdate":"","_lmt_disable":"","_jetpack_memberships_contains_paid_content":false,"footnotes":""},"categories":[109,46],"tags":[3995],"class_list":["post-73378","post","type-post","status-publish","format-standard","has-post-thumbnail","hentry","category-minuto-a-minuto","category-zona-blanca","tag-festival-internacional-cervantino-fic"],"jetpack_featured_media_url":"https:\/\/zonaroja.com.mx\/wp-content\/uploads\/2024\/10\/GUELAGUETZA-FIC-18.jpeg","jetpack_sharing_enabled":true,"_links":{"self":[{"href":"https:\/\/zonaroja.com.mx\/index.php?rest_route=\/wp\/v2\/posts\/73378","targetHints":{"allow":["GET"]}}],"collection":[{"href":"https:\/\/zonaroja.com.mx\/index.php?rest_route=\/wp\/v2\/posts"}],"about":[{"href":"https:\/\/zonaroja.com.mx\/index.php?rest_route=\/wp\/v2\/types\/post"}],"author":[{"embeddable":true,"href":"https:\/\/zonaroja.com.mx\/index.php?rest_route=\/wp\/v2\/users\/2"}],"replies":[{"embeddable":true,"href":"https:\/\/zonaroja.com.mx\/index.php?rest_route=%2Fwp%2Fv2%2Fcomments&post=73378"}],"version-history":[{"count":2,"href":"https:\/\/zonaroja.com.mx\/index.php?rest_route=\/wp\/v2\/posts\/73378\/revisions"}],"predecessor-version":[{"id":73385,"href":"https:\/\/zonaroja.com.mx\/index.php?rest_route=\/wp\/v2\/posts\/73378\/revisions\/73385"}],"wp:featuredmedia":[{"embeddable":true,"href":"https:\/\/zonaroja.com.mx\/index.php?rest_route=\/wp\/v2\/media\/73379"}],"wp:attachment":[{"href":"https:\/\/zonaroja.com.mx\/index.php?rest_route=%2Fwp%2Fv2%2Fmedia&parent=73378"}],"wp:term":[{"taxonomy":"category","embeddable":true,"href":"https:\/\/zonaroja.com.mx\/index.php?rest_route=%2Fwp%2Fv2%2Fcategories&post=73378"},{"taxonomy":"post_tag","embeddable":true,"href":"https:\/\/zonaroja.com.mx\/index.php?rest_route=%2Fwp%2Fv2%2Ftags&post=73378"}],"curies":[{"name":"wp","href":"https:\/\/api.w.org\/{rel}","templated":true}]}}