{"id":73381,"date":"2024-10-12T11:15:00","date_gmt":"2024-10-12T17:15:00","guid":{"rendered":"https:\/\/zonaroja.com.mx\/?p=73381"},"modified":"2024-10-12T09:16:02","modified_gmt":"2024-10-12T15:16:02","slug":"sigue-violencia-en-sinaloa-secuestran-a-diputado-hallan-cuerpos-en-veracruz","status":"publish","type":"post","link":"https:\/\/zonaroja.com.mx\/?p=73381","title":{"rendered":"Sigue violencia en Sinaloa; secuestran a diputado; hallan cuerpos en Veracruz"},"content":{"rendered":"\n<p>Redacci\u00f3n\/Zona Roja Cdmx.<\/p>\n\n\n\n<p>Ciudad de M\u00e9xico, a 12 de octubre de 2024.- Al menos tres bloqueos viales con veh\u00edculos incendiados, el intento de robo de un cajero autom\u00e1tico con apoyo de una retroexcavadora, la sustracci\u00f3n de unas 40 motocicletas de una agencia y el asalto a locales de una plaza comercial fueron reportados por las autoridades la madrugada de ayer en Culiac\u00e1n.<\/p>\n\n\n\n<p>Estos sucesos se dieron unas horas despu\u00e9s de que se anunci\u00f3 la llegada de 100 elementos del Ej\u00e9rcito, que se sumaron a los 600 que arribaron hace tres semanas a la ciudad para reforzar la seguridad, luego de que el 9 de septiembre comenz\u00f3 una ola de violencia por las disputas entre las c\u00e9lulas criminales Los Mayitos y los Chapitos que ha dejado casi 190 muertos.<\/p>\n\n\n\n<p>Seg\u00fan informes policiales y de la Secretar\u00eda de Seguridad P\u00fablica estatal, a las 3 horas se recibi\u00f3 una denuncia al 911 sobre civiles armados que hurtaron tres veh\u00edculos, los quemaron y con ellos bloquearon el bulevar Lola Beltr\u00e1n a la altura de la Universidad Aut\u00f3noma de Occidente. En el sector centro, cerca del puente Morelos, varios sujetos obstruyeron el paso con dos unidades, una de las cuales incendiaron.<\/p>\n\n\n\n<p>Adem\u00e1s, desconocidos colocaron un tr\u00e1iler en la zona de la glorieta Cuauht\u00e9moc, donde tambi\u00e9n dejaron artefactos conocidos como ponchallantas sobre las calles.<\/p>\n\n\n\n<p>ROBOS Y ASALTO<\/p>\n\n\n\n<p>Por otra parte, hombres encapuchados robaron alrededor de 40 motocicletas de un establecimiento en la avenida L\u00f3pez Mateos; los ladrones amenazaron al guardia, rompieron los cristales y las cortinas de entrada para saquear el lugar y se llevaron los veh\u00edculos en varias camionetas.<\/p>\n\n\n\n<p>En tanto, tres individuos que iban en motos irrumpieron en locales de la Plaza Barrientos, de donde extrajeron ropa, calzado y celulares. En el fraccionamiento Valle Alto, una persona que conduc\u00eda una retroexcavadora intent\u00f3 robar un cajero de una tienda departamental; con la pesada unidad derrib\u00f3 una barda.&nbsp;<\/p>\n\n\n\n<p>En los municipios de Mocorito, Angostura y Salvador Alvarado, al norte de Culiac\u00e1n, fueron halladas mantas colgadas en puentes y estructuras viales, donde un supuesto grupo delincuencial se deslinda de realizar cobro de piso.<\/p>\n\n\n\n<p>La Secretaria de Seguridad P\u00fablica estatal inform\u00f3 que en la tarde arrib\u00f3 un escuadr\u00f3n de la Guardia Nacional (unos 100 elementos) a la base \u00e1\u00e9rea mexicana 10, en Culiac\u00e1n, para unirse a las labores de inteligencia, prevenci\u00f3n y patrullaje que realizan las autoridades federales en coordinaci\u00f3n con estatales a fin de inhibir hechos delictivos.<\/p>\n\n\n\n<p>EN TAMAULIPAS<\/p>\n\n\n\n<p>El diputado local panista Vicente Verastegui Ostos fue privado de la libertad la noche de este viernes por un grupo de hombres armados en el rancho Lupita, ubicado en el municipio ca\u00f1ero de Xicot\u00e9ncatl, dieron a conocer anoche autoridades policiacas de Tamaulipas.<\/p>\n\n\n\n<p>Vicente es hermano del ex candidato del PAN al gobierno de Tamaulipas, C\u00e9sar Ver\u00e1stegui, y actual diputado federal.<\/p>\n\n\n\n<p>De acuerdo con la versi\u00f3n policial, recibieron un reporte de que personas a bordo de motocicletas y un auto compacto ingresaron a la propiedad del legislador y lo capturaron, sin que sus escoltas reaccionarAn ante el rapto del pol\u00edtico, a quien se llevaron en un Jetta blanco.<\/p>\n\n\n\n<p>Los pistoleros hicieron disparos en la propiedad y evadieron a la polic\u00eda al tomar una brecha (camino vecinal) que comunica con el Ejido Emiliano Zapata, municipio de Xicot\u00e9ncatl, al parecer tambi\u00e9n robaron otros veh\u00edculos.<\/p>\n\n\n\n<p>EN VERACRUZ<\/p>\n\n\n\n<p>Restos humanos, hasta el momento no identificados, fueron localizados sobre la carretera Veracruz-Cardel, la tarde de este viernes 11 de septiembre.<\/p>\n\n\n\n<p>Los cuerpos se encontraban en bolsas negras y con mensajes alusivos a la delincuencia organizada escritos en cartulinas, los cuales fueron resguardados por las autoridades.<\/p>\n\n\n\n<p>Al lugar arribaron elementos de la Secretar\u00eda de Seguridad P\u00fablica, la Guardia Nacional y de la Fiscal\u00eda General del Estado de Veracruz para realizar las diligencias correspondientes.<\/p>\n\n\n\n<p>\u201cHa iniciado una carpeta de investigaci\u00f3n en relaci\u00f3n con el hallazgo de elementos anat\u00f3micos humanos, encontrados sobre la carretera Veracruz-Cardel\u201d, indic\u00f3 la FGE.<\/p>\n\n\n\n<p>Hasta el momento las autoridades no han detallado a cu\u00e1ntas personas podr\u00edan corresponder los restos hallados a la orilla de la carretera, pues se deben realizar pruebas criminalisticas.<\/p>\n\n\n\n<p>(Informaci\u00f3n de \u201cLa Jornada\u201d)<\/p>\n","protected":false},"excerpt":{"rendered":"<p>Redacci\u00f3n\/Zona Roja Cdmx. Ciudad de M\u00e9xico, a 12 de octubre de 2024.- Al menos tres&hellip;<\/p>\n","protected":false},"author":2,"featured_media":65347,"comment_status":"closed","ping_status":"open","sticky":false,"template":"","format":"standard","meta":{"_lmt_disableupdate":"","_lmt_disable":"","_jetpack_memberships_contains_paid_content":false,"footnotes":""},"categories":[109,47],"tags":[1335],"class_list":["post-73381","post","type-post","status-publish","format-standard","has-post-thumbnail","hentry","category-minuto-a-minuto","category-zona-gris","tag-culiacan-sinaloa"],"jetpack_featured_media_url":"https:\/\/zonaroja.com.mx\/wp-content\/uploads\/2024\/02\/Escena-asesinato-homicidio-crimen.jpeg.webp","jetpack_sharing_enabled":true,"_links":{"self":[{"href":"https:\/\/zonaroja.com.mx\/index.php?rest_route=\/wp\/v2\/posts\/73381","targetHints":{"allow":["GET"]}}],"collection":[{"href":"https:\/\/zonaroja.com.mx\/index.php?rest_route=\/wp\/v2\/posts"}],"about":[{"href":"https:\/\/zonaroja.com.mx\/index.php?rest_route=\/wp\/v2\/types\/post"}],"author":[{"embeddable":true,"href":"https:\/\/zonaroja.com.mx\/index.php?rest_route=\/wp\/v2\/users\/2"}],"replies":[{"embeddable":true,"href":"https:\/\/zonaroja.com.mx\/index.php?rest_route=%2Fwp%2Fv2%2Fcomments&post=73381"}],"version-history":[{"count":1,"href":"https:\/\/zonaroja.com.mx\/index.php?rest_route=\/wp\/v2\/posts\/73381\/revisions"}],"predecessor-version":[{"id":73382,"href":"https:\/\/zonaroja.com.mx\/index.php?rest_route=\/wp\/v2\/posts\/73381\/revisions\/73382"}],"wp:featuredmedia":[{"embeddable":true,"href":"https:\/\/zonaroja.com.mx\/index.php?rest_route=\/wp\/v2\/media\/65347"}],"wp:attachment":[{"href":"https:\/\/zonaroja.com.mx\/index.php?rest_route=%2Fwp%2Fv2%2Fmedia&parent=73381"}],"wp:term":[{"taxonomy":"category","embeddable":true,"href":"https:\/\/zonaroja.com.mx\/index.php?rest_route=%2Fwp%2Fv2%2Fcategories&post=73381"},{"taxonomy":"post_tag","embeddable":true,"href":"https:\/\/zonaroja.com.mx\/index.php?rest_route=%2Fwp%2Fv2%2Ftags&post=73381"}],"curies":[{"name":"wp","href":"https:\/\/api.w.org\/{rel}","templated":true}]}}