{"id":73386,"date":"2024-10-12T21:45:53","date_gmt":"2024-10-13T03:45:53","guid":{"rendered":"https:\/\/zonaroja.com.mx\/?p=73386"},"modified":"2024-10-12T21:45:55","modified_gmt":"2024-10-13T03:45:55","slug":"ejecutan-y-tiran-cuerpo-de-individuo-en-san-pablo-etla","status":"publish","type":"post","link":"https:\/\/zonaroja.com.mx\/?p=73386","title":{"rendered":"Ejecutan y tiran cuerpo de individuo en San Pablo, Etla"},"content":{"rendered":"\n<p>Raymundo Morales\/Zona Roja.<\/p>\n\n\n\n<p>Oaxaca de Ju\u00e1rez, Oax., a 12 de octubre de 2024.- Una persona del sexo masculino fue ejecutada a balazos y su cuerpo tirado envuelto en cobijas, en jurisdicci\u00f3n de San Pablo, Etla.<\/p>\n\n\n\n<p>Corporaciones policiacas fueron alertadas del hallazgo en el paraje \u00abLa Era\u00bb de dicho municipio, perteneciente a la regi\u00f3n Valles Centrales, distante a unos 15 kil\u00f3metros al poniente de la capital de Oaxaca.<\/p>\n\n\n\n<p>Al arribar, polic\u00edas estatales y municipales hallaron el cuerpo envuelto en cobijas y de manera preliminar se informo que presentaba impactos de arma de fuego as\u00ed como huellas de tortura.<\/p>\n\n\n\n<p>El hallazgo ocurri\u00f3 en un camino de terracer\u00eda de dicho municipio, en la zona colindante con la colonia La Joya de la agencia de Pueblo Nuevo, perteneciente al municipio de Oaxaca de Ju\u00e1rez.<\/p>\n\n\n\n<p>Personal del \u00e1rea de delitos de alto impacto de la Fiscal\u00eda General del Estado de Oaxaca arrib\u00f3 a la zona para iniciar las indagatorias y hasta el momento la v\u00edctima a\u00fan no ha sido identificada.<\/p>\n","protected":false},"excerpt":{"rendered":"<p>Raymundo Morales\/Zona Roja. Oaxaca de Ju\u00e1rez, Oax., a 12 de octubre de 2024.- Una persona&hellip;<\/p>\n","protected":false},"author":2,"featured_media":73387,"comment_status":"closed","ping_status":"open","sticky":false,"template":"","format":"standard","meta":{"_lmt_disableupdate":"","_lmt_disable":"","_jetpack_memberships_contains_paid_content":false,"footnotes":""},"categories":[109,51],"tags":[824],"class_list":["post-73386","post","type-post","status-publish","format-standard","has-post-thumbnail","hentry","category-minuto-a-minuto","category-zona-roja","tag-san-pablo-etla"],"jetpack_featured_media_url":"https:\/\/zonaroja.com.mx\/wp-content\/uploads\/2024\/10\/GZubMFsWoAArtBl.jpeg","jetpack_sharing_enabled":true,"_links":{"self":[{"href":"https:\/\/zonaroja.com.mx\/index.php?rest_route=\/wp\/v2\/posts\/73386","targetHints":{"allow":["GET"]}}],"collection":[{"href":"https:\/\/zonaroja.com.mx\/index.php?rest_route=\/wp\/v2\/posts"}],"about":[{"href":"https:\/\/zonaroja.com.mx\/index.php?rest_route=\/wp\/v2\/types\/post"}],"author":[{"embeddable":true,"href":"https:\/\/zonaroja.com.mx\/index.php?rest_route=\/wp\/v2\/users\/2"}],"replies":[{"embeddable":true,"href":"https:\/\/zonaroja.com.mx\/index.php?rest_route=%2Fwp%2Fv2%2Fcomments&post=73386"}],"version-history":[{"count":1,"href":"https:\/\/zonaroja.com.mx\/index.php?rest_route=\/wp\/v2\/posts\/73386\/revisions"}],"predecessor-version":[{"id":73388,"href":"https:\/\/zonaroja.com.mx\/index.php?rest_route=\/wp\/v2\/posts\/73386\/revisions\/73388"}],"wp:featuredmedia":[{"embeddable":true,"href":"https:\/\/zonaroja.com.mx\/index.php?rest_route=\/wp\/v2\/media\/73387"}],"wp:attachment":[{"href":"https:\/\/zonaroja.com.mx\/index.php?rest_route=%2Fwp%2Fv2%2Fmedia&parent=73386"}],"wp:term":[{"taxonomy":"category","embeddable":true,"href":"https:\/\/zonaroja.com.mx\/index.php?rest_route=%2Fwp%2Fv2%2Fcategories&post=73386"},{"taxonomy":"post_tag","embeddable":true,"href":"https:\/\/zonaroja.com.mx\/index.php?rest_route=%2Fwp%2Fv2%2Ftags&post=73386"}],"curies":[{"name":"wp","href":"https:\/\/api.w.org\/{rel}","templated":true}]}}