{"id":7340,"date":"2020-01-06T09:00:51","date_gmt":"2020-01-06T15:00:51","guid":{"rendered":"http:\/\/www.zonaroja.com.mx\/?p=7340"},"modified":"2020-01-06T07:38:26","modified_gmt":"2020-01-06T13:38:26","slug":"opinion-raul-ernesto-salcedo-sin-direccion-ni-mando-en-la-sspo","status":"publish","type":"post","link":"https:\/\/zonaroja.com.mx\/?p=7340","title":{"rendered":"Opini\u00f3n. Ra\u00fal Ernesto Salcedo, sin direcci\u00f3n ni mando en la SSPO"},"content":{"rendered":"\n<p>OPINI\u00d3N\/ZONA\nCR\u00cdTICA<\/p>\n\n\n\n<p>Ismael\nGarc\u00eda M.\/Zona Roja.<\/p>\n\n\n\n<p>Oaxaca\nde Ju\u00e1rez, Oax., 6 de enero de 2020.- La excesiva criminalidad en Oaxaca tiene\nque ver con un escenario nacional, donde los grupos de la delincuencia organizada\nocupan d\u00eda con d\u00eda m\u00e1s territorios de forma violenta. Y est\u00e1n tambi\u00e9n excesivamente\nempoderados, luego que el Estado cedi\u00f3 a Ovidio Guzm\u00e1n, el hijo de \u201cEl Chapo\u201d,\npor indicaciones del gobierno de Andr\u00e9s Manuel L\u00f3pez Obrador.<\/p>\n\n\n\n<p>En\nel caso de esta entidad, dan cuenta de la situaci\u00f3n 11 asesinatos perpetrados a\nbalazos, entre ellos de dos mujeres, as\u00ed como una docena de polic\u00edas retenidos,\nen los primeros cuatro d\u00edas del a\u00f1o 2020.<\/p>\n\n\n\n<p>El\nSecretariado Ejecutivo del Sistema Nacional de Seguridad P\u00fablica precisa de la\nola criminal en Oaxaca en los primeros 11 meses del 2019: 41 mil 626 delitos de\ntodo tipo; de ellos, siete mil 417 que atentan contra la vida y la integridad\ncorporal.<\/p>\n\n\n\n<p>De\nestos \u00faltimos, mil 673 homicidios, de los cuales 914 son del tipo doloso; junio\ny octubre, los picos m\u00e1s altos, con 94 casos cada mes.<\/p>\n\n\n\n<p>Para\nilustrar y comparar esos datos, est\u00e1n las cifras de todo el a\u00f1o 2018, el\nsegundo de gobierno de Alejandro Murat: 41 mil 989 delitos en general; de\nellos, siete mil 807 que atentaron contra la vida y la integridad corporal.<\/p>\n\n\n\n<p>De\nestos \u00faltimos, en los 12 meses sumaron mil 743 homicidios, de los que 983\nfueron del tipo doloso; el pico m\u00e1s alto, abril, con 103 casos.<\/p>\n\n\n\n<p>Para\ncerrar, las cifras del 2017, el primer a\u00f1o de gobierno del actual mandatario:\n31 mil 928 delitos en general, de los que seis mil 405 fueron en contra de la\nvida y la integridad corporal, y de los cuales mil 662 fueron homicidios; de\n\u00e9stos, 855 fueron del tipo doloso.<\/p>\n\n\n\n<p>\u00bfLa\nfrialdad de las cifras refleja la realidad? S\u00ed, porque evidencian a las propias\nautoridades que presumen continuamente la baja de la criminalidad; no, porque\nsolamente son delitos denunciados ante un ministerio p\u00fablico de la Fiscal\u00eda\nGeneral del Estado; la mayor\u00eda no son denunciados, es decir, hay una enorme\ncifra negra.<\/p>\n\n\n\n<p>Esos\ndatos dan cuenta de la creciente ola violenta en la entidad, sin que ninguna\nautoridad, ni federal ni estatal, haga algo. Pero tambi\u00e9n reflejan el grave\ndeterioro de las instituciones y de sus representantes, es decir, los titulares\nde las dependencias responsables.<\/p>\n\n\n\n<p>En\nlos primeros dos a\u00f1os y medio de Murat Hinojosa, estuvieron a la cabeza los\ncoahuilenses Jos\u00e9 Raymundo Tu\u00f1\u00f3n y Jos\u00e9 Aniceto Saldierna, marinos que se\ndedicaron a otra cosa menos a cuidar la seguridad; el primero, en sus\npermanentes l\u00edos de faldas y maritales, que se ventilaron p\u00fablicamente; el\nsegundo, su afici\u00f3n por los caballos pura sangre, a los que dedic\u00f3 la mayor\nparte de su tiempo.<\/p>\n\n\n\n<p>A\neso se le suma la constante fricci\u00f3n que mantuvieron con el fiscal General,\nRub\u00e9n Vasconcelos M\u00e9ndez, y \u00e1reas de inteligencia como el Cisen y\nadministrativas, como la Secretar\u00eda General de Gobierno.<\/p>\n\n\n\n<p>El\n25 de junio de 2019, hace m\u00e1s de medio a\u00f1o, hubo un golpe de tim\u00f3n, pero no por\ndecisiones estrat\u00e9gicas, sino por pleitos internos; el grupo que encabezaba\nJos\u00e9 Manuel Vera Salinas fue desplazado por ex federales.<\/p>\n\n\n\n<p>Ra\u00fal\nErnesto Salcedo, con 20 a\u00f1os de experiencia en espionaje pero ninguna capacidad\nen materia policial, lleg\u00f3 a la Secretar\u00eda de Seguridad, en el marco de un enfrentamiento\narmado de transportistas, con saldo de dos muertos.<\/p>\n\n\n\n<p>El\n3 de julio arrib\u00f3 a la Polic\u00eda Estatal Ra\u00fal Antonio Castillejos Sol\u00eds, de quien\nno se sabe absolutamente nada desde hace seis meses; ni siquiera encabeza\noperativos y la tropa no le obedece. No tiene ning\u00fan poder de mando, como\ntampoco Ra\u00fal Ernesto Salcedo.<\/p>\n\n\n\n<p>Tras\nello, de manera discreta hubo una designaci\u00f3n, de quien es el rey sin corona:\nGuillermo del Pozo, con experiencia en asuntos financieros pero absolutamente\ndesconocedor del \u00e1mbito policial y de seguridad. El mexiquense es licenciado en\nCiencia Pol\u00edtica y Administraci\u00f3n P\u00fablica; fue funcionario en el Infonavit con\nMurat y luego coordinador de asesores del gobernador.<\/p>\n\n\n\n<p>1.-\nEntonces, en la Secretar\u00eda de Seguridad P\u00fablica de Oaxaca no manda Ra\u00fal Ernesto\nSalcedo Rosales, sino el subsecretario de Informaci\u00f3n y Desarrollo\nInstitucional. \u00c9l es el que toma las decisiones, el que ordena, el que acuerda\ncon el gobernador, el que decide el destino de los recursos financieros, el que\nlleva las relaciones pol\u00edticas con legisladores y l\u00edderes sociales. Los dem\u00e1s\nest\u00e1n de adorno. Por cierto, a Salcedo le pesa y le seguir\u00e1 pesando las\nacusaciones de las v\u00edctimas de Nochixtl\u00e1n de haber tomado parte en la masacre\ndel 2016, y los cuales lo obligaron a rendir declaraci\u00f3n ante la FGR.<\/p>\n\n\n\n<p>2.-\nLas mesas de seguridad, en la que en ocasiones, casi una vez por semana, asiste\nel gobernador Alejandro Murat Hinojosa, se han vuelto tediosas. Cada mando de\ncorporaci\u00f3n da cuenta de algunos detalles de su \u00e1rea: delitos cometidos,\nacciones, trivialidades.<\/p>\n\n\n\n<p>La\nSecretaria T\u00e9cnica de la Coordinaci\u00f3n Estatal para la Construcci\u00f3n de la Paz,\nla cuenque\u00f1a Karina Bar\u00f3n, tambi\u00e9n se limita a hacer anotaciones y no tiene don\nde mando ni mucho menos plantea estrategias de combate a la criminalidad\nporque, a un a\u00f1o en el cargo, desconoce el tema y opta por dejar las acciones\nen manos de la Fiscal\u00eda General de la Rep\u00fablica o de la Guardia Nacional. Su\npropio terru\u00f1o, Tuxtepec, sufre las consecuencias.<\/p>\n\n\n\n<p>Asisten\nhasta los secretarios de los secretarios o del gobernador, como es el caso de\nFrancisco Garc\u00eda L\u00f3pez, que eternamente ha buscado encabezar la Secretar\u00eda\nGeneral de Gobierno, y Juan Enrique Lira, empleado a\u00fan de Jos\u00e9 Antonio Hern\u00e1ndez\nFraguas, quienes tambi\u00e9n se limitan a escuchar y a anotar.<\/p>\n\n\n\n<p>Algunas\nde las pocas estrategias contra la delincuencia no se deciden ah\u00ed; los mandos\nmilitares a\u00fan desconf\u00edan de los funcionarios estatales por ciertos antecedentes\nnegativos que tienen de algunos de ellos. <\/p>\n\n\n\n<p>Cuando\nel gobernador preside o acude a las sesiones, se limitan en exponer cifras\npositivas y halag\u00fce\u00f1as en materia de seguridad; nadie le dice la realidad.\nMesas de seguridad que han devenido en reuniones sociales de caf\u00e9, pues ahora\nacostumbra a invitar a algunos ediles y hasta sus ayudantes. Resultados:\nfracasos rotundos.<\/p>\n\n\n\n<p>3.-\n\u00bfY la Guardia Nacional? A finales de junio se implement\u00f3 esta nueva corporaci\u00f3n\nque no es m\u00e1s que de militares con un gafete con las siglas GN; ni uniformes\nnuevos, ni capacitaci\u00f3n extramilitar, ni estrategias; en los primeros meses se\ndedicaron a tomarse la foto en escuelas y sitios tur\u00edsticos; a socializar,\nantes que disuadir y prevenir; en los \u00faltimos meses, \u00fanicamente hacen acto de\npresencia una vez que se cometieron los delitos. No se ha formalizado el n\u00famero\nde seis mil que se prometi\u00f3 para Oaxaca; no tienen instalaciones propias y\nsiguen siendo y usando las \u00e1reas militares; su mando ni siquiera conoce a\nplenitud el estado, pues no ha recorrido las intrincadas zonas y donde\nmayormente se asienta el crimen organizado.<\/p>\n\n\n\n<p>\u00bfResultados?\nFracasos absolutos y no se prev\u00e9 que haya mejor\u00edas; por el contrario,\nlamentablemente.<\/p>\n\n\n\n<p>Lea\nla pr\u00f3xima semana: El fiscal no tiene quien le escriba\u2026 pero quiere que lo\nalaben.<\/p>\n","protected":false},"excerpt":{"rendered":"<p>OPINI\u00d3N\/ZONA CR\u00cdTICA Ismael Garc\u00eda M.\/Zona Roja. Oaxaca de Ju\u00e1rez, Oax., 6 de enero de 2020.-&hellip;<\/p>\n","protected":false},"author":2,"featured_media":7347,"comment_status":"closed","ping_status":"open","sticky":false,"template":"","format":"standard","meta":{"_lmt_disableupdate":"","_lmt_disable":"","_jetpack_memberships_contains_paid_content":false,"footnotes":""},"categories":[109,48],"tags":[],"class_list":["post-7340","post","type-post","status-publish","format-standard","has-post-thumbnail","hentry","category-minuto-a-minuto","category-zona-critica"],"jetpack_featured_media_url":"https:\/\/zonaroja.com.mx\/wp-content\/uploads\/2020\/01\/sspo.jpg","jetpack_sharing_enabled":true,"_links":{"self":[{"href":"https:\/\/zonaroja.com.mx\/index.php?rest_route=\/wp\/v2\/posts\/7340","targetHints":{"allow":["GET"]}}],"collection":[{"href":"https:\/\/zonaroja.com.mx\/index.php?rest_route=\/wp\/v2\/posts"}],"about":[{"href":"https:\/\/zonaroja.com.mx\/index.php?rest_route=\/wp\/v2\/types\/post"}],"author":[{"embeddable":true,"href":"https:\/\/zonaroja.com.mx\/index.php?rest_route=\/wp\/v2\/users\/2"}],"replies":[{"embeddable":true,"href":"https:\/\/zonaroja.com.mx\/index.php?rest_route=%2Fwp%2Fv2%2Fcomments&post=7340"}],"version-history":[{"count":1,"href":"https:\/\/zonaroja.com.mx\/index.php?rest_route=\/wp\/v2\/posts\/7340\/revisions"}],"predecessor-version":[{"id":7341,"href":"https:\/\/zonaroja.com.mx\/index.php?rest_route=\/wp\/v2\/posts\/7340\/revisions\/7341"}],"wp:featuredmedia":[{"embeddable":true,"href":"https:\/\/zonaroja.com.mx\/index.php?rest_route=\/wp\/v2\/media\/7347"}],"wp:attachment":[{"href":"https:\/\/zonaroja.com.mx\/index.php?rest_route=%2Fwp%2Fv2%2Fmedia&parent=7340"}],"wp:term":[{"taxonomy":"category","embeddable":true,"href":"https:\/\/zonaroja.com.mx\/index.php?rest_route=%2Fwp%2Fv2%2Fcategories&post=7340"},{"taxonomy":"post_tag","embeddable":true,"href":"https:\/\/zonaroja.com.mx\/index.php?rest_route=%2Fwp%2Fv2%2Ftags&post=7340"}],"curies":[{"name":"wp","href":"https:\/\/api.w.org\/{rel}","templated":true}]}}