{"id":73401,"date":"2024-10-13T00:00:00","date_gmt":"2024-10-13T06:00:00","guid":{"rendered":"https:\/\/zonaroja.com.mx\/?p=73401"},"modified":"2024-10-13T07:27:44","modified_gmt":"2024-10-13T13:27:44","slug":"opinion-personal","status":"publish","type":"post","link":"https:\/\/zonaroja.com.mx\/?p=73401","title":{"rendered":"Opini\u00f3n. Personal"},"content":{"rendered":"\n<p>*Soledad Jarqu\u00edn Edgar\/SemM\u00e9xico.<\/p>\n\n\n\n<p>Esta columna es personal. No pude sustraerme. Un d\u00eda como hoy, hace 34 a\u00f1os naci\u00f3 Mar\u00eda del Sol Cruz Jarqu\u00edn, eran poco m\u00e1s de las 8 de la ma\u00f1ana. Una ni\u00f1a fuerte desde el vientre materno, decidida a nacer en su momento, durante largo rato permaneci\u00f3 con los ojos abiertos, moviendo la cabeza de un lado a otro, supongo que, mirando entre luces y sombras, atenta al \u201cruido\u201d de la vida.<\/p>\n\n\n\n<p>Desde hace seis a\u00f1os en casa no celebramos su nacimiento, nos acordamos de ella y abrazamos el regalo de ese tiempo compartido, algunos diluidos en la memoria, personalmente me aterra el olvido. Nos hace falta su alegr\u00eda, su sonrisa, su constante reinvenci\u00f3n de ella misma, el movimiento de sus pasos apresurados, su ansiedad por ser y estar, por aprender, por conocer, por escuchar, por hablar, contar y cantar, por sus diminutos silencios, por acelerada, por entusiasmada, por su coraz\u00f3n compasivo, su negaci\u00f3n ante lo injusto.&nbsp;<\/p>\n\n\n\n<p>Fui su madre terrenal, ahora ella es una estrella que brilla en alg\u00fan punto del cielo, una hoja con los colores de oto\u00f1o que viaja sobre un arroyo; los maizales secos, dorados o tostados por el sol; los pescadores de una playa haci\u00e9ndose a la mar en una tarde noche; la sonrisa de una ni\u00f1a que sostiene unos naipes entre sus manos; un ni\u00f1o en medio de un juego de luces; un cami\u00f3n de carga lade\u00e1ndose sobre una carretera; el viento jugando con las nubes; la mirada hacia el infinito de una mujer de edad y de rostro arrugado, como las fotograf\u00edas que un d\u00eda tom\u00f3, incluy\u00e9ndose a ella misma, sonriendo, feliz\u2026&nbsp;<\/p>\n\n\n\n<p>A seis a\u00f1os y meses de distancia de una ausencia forzada, indeseada e inesperada, no imagino cu\u00e1ntas cosas habr\u00eda hecho en ese tiempo que le fue arrebatado, en cambio, una historia distinta y suspendida se ha escrito entre miles de hojas de papel tama\u00f1o oficio, con sellos azules o rojos, membretes negros, fojas numerados donde se hace un recuento de hip\u00f3tesis, investigaciones inconclusas, confusas, nombres, lugares, momentos, entrevistas judiciales que parecen haber sido hechas con desgano, prisa y falta de inter\u00e9s, miles de hojas tama\u00f1o oficio cosidas con hilo de c\u00e1\u00f1amo de seis carpetas \u201cde investigaci\u00f3n\u201d que parecen competir entre ellas, por ver cual pesa m\u00e1s y no para caminar hacia la verdad. No imagino cu\u00e1nto m\u00e1s habr\u00eda hecho Mar\u00eda del Sol, en estos seis a\u00f1os\u2026los otros, en complicidad con otros, han escrito otra historia.&nbsp;<\/p>\n\n\n\n<p>Ella, que naci\u00f3 en octubre, siempre fue una especie de remolino y hasta uno que otro hurac\u00e1n, nos ha dejado esa desolaci\u00f3n tras su pas\u00f3, inundadas del agua de mar que se desbord\u00f3 desde adentro y aunque ella siempre es algo m\u00e1s y est\u00e1 en otro lugar, me har\u00e1 falta y me r\u00edo cuando siendo adolescente le dec\u00eda que no podr\u00eda irse de mi lado, porque deb\u00eda cuidarme hasta mi muerte, por ser la hija menor, como Tita, el personaje de la novela Como Agua para Chocolate de Laura Esquivel. Claro, me tiraba de a loca y nos re\u00edamos juntas.<\/p>\n\n\n\n<p>Ella no est\u00e1 m\u00e1s desde el 2 de junio de 2018, ese d\u00eda la tragedia del pa\u00eds violento en que vivimos nos alcanz\u00f3, toc\u00f3 la puerta de nuestras vidas. Esa fecha y la de su cumplea\u00f1os, 10 de octubre, producen sentimientos diferentes. La de junio me recuerda este pa\u00eds injusto, impune y pantanoso, el pa\u00eds que llora y cada d\u00eda sale a las calles a exigir lo que no existe: \u00a1justicia!; lo que no ven: \u00a1justicia!; lo que no escuchan: \u00a1justicia!; lo que no sienten: \u00a1justicia! Mi abuela Lucha me dir\u00eda no le pidas peras al olmo.&nbsp;&nbsp;<\/p>\n\n\n\n<p>Octubre es distinto, es volver a ella desde su vida, repasar su presencia, su paso fugaz, tratar de agradecer lo que aprendimos, lo que tuvimos, abrazar lo que nos queda y que, parad\u00f3jicamente, no se puede contener entre los brazos, pero hay algo que est\u00e1 adentro, en el alma, ah\u00ed se toca, ah\u00ed se habla, ah\u00ed se abraza. Mani\u00e1tica idea de la existencia-inexistencia, de no entender la muerte forzada, indeseada e inesperada y a\u00f1adir\u00eda innecesaria en ese af\u00e1n de contener la vida, de celebrar los 34 a\u00f1os a estar\u00eda cumpliendo y que desde hace seis a\u00f1os no podemos, aunque estemos en octubre.&nbsp;<\/p>\n\n\n\n<p>Por eso es personal esta columna. Mi hija ten\u00eda 27 a\u00f1os cuando disparos desde la oscuridad de una calle terminaron con su vida y la de dos personas con las que caminaba. Ella, desde la definici\u00f3n sobre los tipos de feminicidio que hizo la acad\u00e9mica Julia Mon\u00e1rrez Fragoso, fue la v\u00edctima de un feminicidio por conexi\u00f3n, en un atentado dirigido a la integrante de una planilla que compet\u00eda por la presidencia municipal de Juchit\u00e1n de Zaragoza, Pamela Ter\u00e1n Pineda y su chofer Adelfo Jim\u00e9nez Guerra.&nbsp;<\/p>\n\n\n\n<p>Se abrieron seis carpetas de investigaci\u00f3n por diversos delitos cometidos antes, durante y despu\u00e9s del atentado del 2 de junio de 2018 en contra de mi hija. Acompa\u00f1ada siempre, toqu\u00e9 todas las puertas exigiendo justicia -la que no se ve, la que no se toca, la que no se siente-, tanto en el \u00e1mbito de las instituciones de Oaxaca como ante las instituciones federales y estamos esperando la respuesta de la CEDAW, donde en 2022 se denunci\u00f3 al Estado mexicano por la negar el acceso a la justicia. Hoy, en su cumplea\u00f1os, tengo que decir que todo sigue en total impunidad.<\/p>\n\n\n\n<p>*Periodista y activista feminista.<\/p>\n","protected":false},"excerpt":{"rendered":"<p>*Soledad Jarqu\u00edn Edgar\/SemM\u00e9xico. Esta columna es personal. No pude sustraerme. Un d\u00eda como hoy, hace&hellip;<\/p>\n","protected":false},"author":2,"featured_media":68029,"comment_status":"closed","ping_status":"open","sticky":false,"template":"","format":"standard","meta":{"_lmt_disableupdate":"","_lmt_disable":"","_jetpack_memberships_contains_paid_content":false,"footnotes":""},"categories":[456,109],"tags":[90],"class_list":["post-73401","post","type-post","status-publish","format-standard","has-post-thumbnail","hentry","category-columna","category-minuto-a-minuto","tag-soledad-jarquin"],"jetpack_featured_media_url":"https:\/\/zonaroja.com.mx\/wp-content\/uploads\/2024\/05\/Soledad-Jarquin-Edgar.jpg","jetpack_sharing_enabled":true,"_links":{"self":[{"href":"https:\/\/zonaroja.com.mx\/index.php?rest_route=\/wp\/v2\/posts\/73401","targetHints":{"allow":["GET"]}}],"collection":[{"href":"https:\/\/zonaroja.com.mx\/index.php?rest_route=\/wp\/v2\/posts"}],"about":[{"href":"https:\/\/zonaroja.com.mx\/index.php?rest_route=\/wp\/v2\/types\/post"}],"author":[{"embeddable":true,"href":"https:\/\/zonaroja.com.mx\/index.php?rest_route=\/wp\/v2\/users\/2"}],"replies":[{"embeddable":true,"href":"https:\/\/zonaroja.com.mx\/index.php?rest_route=%2Fwp%2Fv2%2Fcomments&post=73401"}],"version-history":[{"count":1,"href":"https:\/\/zonaroja.com.mx\/index.php?rest_route=\/wp\/v2\/posts\/73401\/revisions"}],"predecessor-version":[{"id":73402,"href":"https:\/\/zonaroja.com.mx\/index.php?rest_route=\/wp\/v2\/posts\/73401\/revisions\/73402"}],"wp:featuredmedia":[{"embeddable":true,"href":"https:\/\/zonaroja.com.mx\/index.php?rest_route=\/wp\/v2\/media\/68029"}],"wp:attachment":[{"href":"https:\/\/zonaroja.com.mx\/index.php?rest_route=%2Fwp%2Fv2%2Fmedia&parent=73401"}],"wp:term":[{"taxonomy":"category","embeddable":true,"href":"https:\/\/zonaroja.com.mx\/index.php?rest_route=%2Fwp%2Fv2%2Fcategories&post=73401"},{"taxonomy":"post_tag","embeddable":true,"href":"https:\/\/zonaroja.com.mx\/index.php?rest_route=%2Fwp%2Fv2%2Ftags&post=73401"}],"curies":[{"name":"wp","href":"https:\/\/api.w.org\/{rel}","templated":true}]}}