{"id":73410,"date":"2024-10-13T19:03:04","date_gmt":"2024-10-14T01:03:04","guid":{"rendered":"https:\/\/zonaroja.com.mx\/?p=73410"},"modified":"2024-10-13T19:20:40","modified_gmt":"2024-10-14T01:20:40","slug":"haran-homenaje-a-laura-cerero-y-fotografo-timoteo-torres-en-atletica-del-imss","status":"publish","type":"post","link":"https:\/\/zonaroja.com.mx\/?p=73410","title":{"rendered":"Har\u00e1n homenaje a Laura Cerero y fot\u00f3grafo Timoteo Torres, en atl\u00e9tica del IMSS"},"content":{"rendered":"\n<p>Redacci\u00f3n\/Territorio Score. <\/p>\n\n\n\n<p>Oaxaca de Ju\u00e1rez, Oax., a 13 de octubre de 2024.- La atleta paral\u00edmpica Laura Cerero Gabriel y el fot\u00f3grafo deportivo Timoteo Torres ser\u00e1n homenajeados en la XLI edici\u00f3n de la Carrera Atl\u00e9tica IMSS Monte Alb\u00e1n en Oaxaca, la cual se realizar\u00e1 el pr\u00f3ximo 17 de noviembre en las distancias de 22 y 12 kil\u00f3metros.<\/p>\n\n\n\n<p>En reciente conferencia de prensa, el Instituto Mexicano del Seguro Social dio a conocer oficialmente la convocatoria de la tradicional justa pedestre, en un acto que fue encabezado por Carlos Carrasco Santiago, titular de la Jefatura de Servicios de Salud en el Trabajo, Prestaciones Econ\u00f3micas y Sociales.<\/p>\n\n\n\n<p>La Carrera Atl\u00e9tica IMSS Monte Alb\u00e1n es la justa pedestre m\u00e1s longeva de la ciudad de Oaxaca y en esta edici\u00f3n ofrecer\u00e1 por segundo a\u00f1o consecutivo la Ruta del Gendariinibi de 22 kil\u00f3metros, sumada a la acostumbrada de 12 mil 190 metros.<\/p>\n\n\n\n<p>El director del Instituto del Deporte del Estado de Oaxaca, Arturo de Jes\u00fas Ch\u00e1vez Ram\u00edrez, resalt\u00f3 que esta carrera tiene una gran participaci\u00f3n y una gran historia y que cada a\u00f1o va superando&nbsp; sus expectativas, es una carrera muy esperada y muy competitiva, por eso rompe r\u00e9cord inscripci\u00f3n de participantes.<\/p>\n\n\n\n<p>En la XLI Carrera Atl\u00e9tica IMSS Monte Alb\u00e1n se reconocer\u00e1 la labor del reportero gr\u00e1fico Timoteo Torres L\u00f3pez y de la ahora promotora y entrenadora de parapowerlifting, y por supuesto atleta de talla paral\u00edmpica, Laura Cerero Gabriel.<\/p>\n\n\n\n<p>Juan C\u00f3rdoba&nbsp; explic\u00f3 los procesos de inscripci\u00f3n y bases de la carrera, as\u00ed como la Ruta que recorrer\u00e1n, premiaci\u00f3n y categor\u00edas que van a participar en la edici\u00f3n XLI de la carrera Atl\u00e9tica.<\/p>\n\n\n\n<p>Las inscripciones quedar\u00e1n abiertas a partir del viernes 11 de octubre en la tienda para empleados IMSS-SNTSS ubicada en Murgu\u00eda 509, Centro, Oaxaca, de lunes a s\u00e1bado en un horario de 10:00 a 16:00 horas y a partir del lunes 14 de octubre en el Centro de Seguridad Social ubicado en Escuela Naval Militar 503 en la colonia Reforma, en un horario de 8:00 a 19:00 horas de lunes a viernes.<\/p>\n\n\n\n<p>Los registros concluir\u00e1n el d\u00eda viernes 15 de noviembre o antes si se llegaran a agotarse los folios de participaci\u00f3n.<\/p>\n\n\n\n<p>Finalmente, se hizo un llamado a la comunidad deportiva para que se den cita el &nbsp;domingo 17 de noviembre a las 06:30 de la ma\u00f1ana frente al Hospital General de Zona (HGZ) No. 1, donde se dar\u00e1 el banderazo de salida y en la meta que estar\u00e1 ubicada en la Tumba 105 de la Zona Arqueol\u00f3gica de Monte Alb\u00e1n.<\/p>\n","protected":false},"excerpt":{"rendered":"<p>Redacci\u00f3n\/Territorio Score. Oaxaca de Ju\u00e1rez, Oax., a 13 de octubre de 2024.- La atleta paral\u00edmpica&hellip;<\/p>\n","protected":false},"author":2,"featured_media":73411,"comment_status":"closed","ping_status":"open","sticky":false,"template":"","format":"standard","meta":{"_lmt_disableupdate":"","_lmt_disable":"","_jetpack_memberships_contains_paid_content":false,"footnotes":""},"categories":[109,46],"tags":[],"class_list":["post-73410","post","type-post","status-publish","format-standard","has-post-thumbnail","hentry","category-minuto-a-minuto","category-zona-blanca"],"jetpack_featured_media_url":"https:\/\/zonaroja.com.mx\/wp-content\/uploads\/2024\/10\/PresentacionIMSSMonteAlban.jpeg","jetpack_sharing_enabled":true,"_links":{"self":[{"href":"https:\/\/zonaroja.com.mx\/index.php?rest_route=\/wp\/v2\/posts\/73410","targetHints":{"allow":["GET"]}}],"collection":[{"href":"https:\/\/zonaroja.com.mx\/index.php?rest_route=\/wp\/v2\/posts"}],"about":[{"href":"https:\/\/zonaroja.com.mx\/index.php?rest_route=\/wp\/v2\/types\/post"}],"author":[{"embeddable":true,"href":"https:\/\/zonaroja.com.mx\/index.php?rest_route=\/wp\/v2\/users\/2"}],"replies":[{"embeddable":true,"href":"https:\/\/zonaroja.com.mx\/index.php?rest_route=%2Fwp%2Fv2%2Fcomments&post=73410"}],"version-history":[{"count":2,"href":"https:\/\/zonaroja.com.mx\/index.php?rest_route=\/wp\/v2\/posts\/73410\/revisions"}],"predecessor-version":[{"id":73413,"href":"https:\/\/zonaroja.com.mx\/index.php?rest_route=\/wp\/v2\/posts\/73410\/revisions\/73413"}],"wp:featuredmedia":[{"embeddable":true,"href":"https:\/\/zonaroja.com.mx\/index.php?rest_route=\/wp\/v2\/media\/73411"}],"wp:attachment":[{"href":"https:\/\/zonaroja.com.mx\/index.php?rest_route=%2Fwp%2Fv2%2Fmedia&parent=73410"}],"wp:term":[{"taxonomy":"category","embeddable":true,"href":"https:\/\/zonaroja.com.mx\/index.php?rest_route=%2Fwp%2Fv2%2Fcategories&post=73410"},{"taxonomy":"post_tag","embeddable":true,"href":"https:\/\/zonaroja.com.mx\/index.php?rest_route=%2Fwp%2Fv2%2Ftags&post=73410"}],"curies":[{"name":"wp","href":"https:\/\/api.w.org\/{rel}","templated":true}]}}