{"id":73414,"date":"2024-10-13T20:39:24","date_gmt":"2024-10-14T02:39:24","guid":{"rendered":"https:\/\/zonaroja.com.mx\/?p=73414"},"modified":"2024-10-13T20:39:26","modified_gmt":"2024-10-14T02:39:26","slug":"opinion-la-historia-de-siempre","status":"publish","type":"post","link":"https:\/\/zonaroja.com.mx\/?p=73414","title":{"rendered":"Opini\u00f3n. La historia de siempre"},"content":{"rendered":"\n<p>Diego Enrique Osorno*<\/p>\n\n\n\n<p>Doce de marzo de 1989. Como cada domingo, cientos de j\u00f3venes bailan y oyen m\u00fasica punk en Ciudad Neza. La tocada es parte de un movimiento callejero de chavos banda surgido en las periferias metropolitanas del pa\u00eds a lo largo de los ochenta.<\/p>\n\n\n\n<p>En medio de la verbena juvenil, arriban polic\u00edas municipales y del Batall\u00f3n de Radio Patrullas del Estado de M\u00e9xico (Barapem). Parece que ocurrir\u00e1 la historia de siempre: inicia una de las habituales y desafortunadas razzias de la \u00e9poca; sin embargo, esta vez la redada termina en matanza.<\/p>\n\n\n\n<p>Primero se oye un disparo y luego r\u00e1fagas de balas por todos lados. Un n\u00famero a\u00fan indeterminado de detenciones arbitrarias, desapariciones forzadas y ejecuciones extrajudiciales son identificadas en este hecho represivo reportado en el informe Fue el Estado (1965-1990), elaborado por los comisionados de la Verdad, David Fern\u00e1ndez, Abel Barrera y Carlos P\u00e9rez Ricart.<\/p>\n\n\n\n<p>La poco conocida masacre punk del Zopilote Mojado, \u2014nombrada as\u00ed debido a que ocurri\u00f3 en una calle de dicho nombre\u2014, es uno de tant\u00edsimos casos de violaciones graves a los derechos humanos ejercidas de manera sistem\u00e1tica en contra de disidencias sociales, campesinas, ind\u00edgenas, urbano-populares, religiosas y de g\u00e9nero que fueron eliminadas por la Secretar\u00eda de Gobernaci\u00f3n del documento final del Mecanismo para la Verdad y el Esclarecimiento Hist\u00f3rico creado durante el gobierno de Andr\u00e9s Manuel L\u00f3pez Obrador.<\/p>\n\n\n\n<p>A partir de esta decisi\u00f3n ha surgido una importante controversia con el fin de revisar cu\u00e1les son los criterios y categor\u00edas pertinentes para considerar qu\u00e9 personas, colectivos y grupos deben ser considerados o no v\u00edctimas de la represi\u00f3n del Estado.&nbsp;<\/p>\n\n\n\n<p>El cuestionamiento ya ha sido denunciado de manera p\u00fablica en un pronunciamiento de los tres integrantes del organismo y en un reportaje de Analy Nu\u00f1o para la revista \u201cProceso\u201d.<\/p>\n\n\n\n<p>No es este el \u00fanico de los debates que debe surgir alrededor de informes, discursos y dem\u00e1s documentos oficiales sobre la memoria hist\u00f3rica emitidos en el sexenio anterior, encabezado por un presidente tan desesperado por ingresar a la historia al momento, como por ajustar a conveniencia sucesos del pasado inmediato para legitimar o ignorar cuestionables pol\u00edticas actuales.<\/p>\n\n\n\n<p>Prueba de este presentismo presidencial fue la determinaci\u00f3n para obstaculizar la revisi\u00f3n profunda y exhaustiva del rol autoritario del Ej\u00e9rcito en los \u00faltimos sesenta a\u00f1os de vida pol\u00edtica y social del pa\u00eds.&nbsp;<\/p>\n\n\n\n<p>Pese a un innegable papel en la plaza de las Tres Culturas, la guerra sucia, el surgimiento del narco, la contrainsurgencia en Chiapas, la guerra de Calder\u00f3n y Ayotzinapa, las fuerzas armadas permanecieron lejos del puntiagudo escrutinio fomentado por los ejercicios de b\u00fasqueda de la verdad impulsados desde el conveniente presente eterno de la 4T.<\/p>\n\n\n\n<p>Incluso, el acto de perd\u00f3n ofrecido el pasado 2 de octubre por la presidenta Claudia Sheinbaum por la masacre de Tlatelolco, hubiera tenido menos cariz de decoraci\u00f3n conmemorativa oficial si en estos tiempos de sospechosa y preocupante militarizaci\u00f3n hubiera sido el Ej\u00e9rcito quien lo hubiera llevado a cabo de manera directa.<\/p>\n\n\n\n<p>Por m\u00e1s af\u00e1n que exista en EU por debilitarlas, las fuerzas armadas deber\u00edan estar dispuestas a que v\u00edctimas y miradas civiles independientes revisen a fondo su rol en graves y tr\u00e1gicos acontecimientos de nuestra historia reciente. Alicia de los R\u00edos, historiadora e hija de una de las v\u00edctimas de la guerra sucia, me lo dijo hace unas noches con suma claridad: Es el momento de que los militares hagan patria contando lo que pas\u00f3.<\/p>\n\n\n\n<p>El nuevo poder pol\u00edtico tiene la posibilidad de someter a una revisi\u00f3n realmente cr\u00edtica el legado castrense, m\u00e1s ahora que lo trata de presentar como una instituci\u00f3n \u201cconstructora de paz\u201d. Lo que ya no hace sentido a estas alturas es preservar la historia de siempre.<\/p>\n\n\n\n<p>*Escritor y periodista.<\/p>\n\n\n\n<p>@DiegoEOsorno<\/p>\n\n\n\n<p>detective.org.mx<\/p>\n","protected":false},"excerpt":{"rendered":"<p>Diego Enrique Osorno* Doce de marzo de 1989. Como cada domingo, cientos de j\u00f3venes bailan&hellip;<\/p>\n","protected":false},"author":2,"featured_media":67760,"comment_status":"closed","ping_status":"open","sticky":false,"template":"","format":"standard","meta":{"_lmt_disableupdate":"","_lmt_disable":"","_jetpack_memberships_contains_paid_content":false,"footnotes":""},"categories":[456,109],"tags":[3020],"class_list":["post-73414","post","type-post","status-publish","format-standard","has-post-thumbnail","hentry","category-columna","category-minuto-a-minuto","tag-diego-enrique-osorno"],"jetpack_featured_media_url":"https:\/\/zonaroja.com.mx\/wp-content\/uploads\/2024\/04\/Diego-Enrique-Osorno.jpeg","jetpack_sharing_enabled":true,"_links":{"self":[{"href":"https:\/\/zonaroja.com.mx\/index.php?rest_route=\/wp\/v2\/posts\/73414","targetHints":{"allow":["GET"]}}],"collection":[{"href":"https:\/\/zonaroja.com.mx\/index.php?rest_route=\/wp\/v2\/posts"}],"about":[{"href":"https:\/\/zonaroja.com.mx\/index.php?rest_route=\/wp\/v2\/types\/post"}],"author":[{"embeddable":true,"href":"https:\/\/zonaroja.com.mx\/index.php?rest_route=\/wp\/v2\/users\/2"}],"replies":[{"embeddable":true,"href":"https:\/\/zonaroja.com.mx\/index.php?rest_route=%2Fwp%2Fv2%2Fcomments&post=73414"}],"version-history":[{"count":1,"href":"https:\/\/zonaroja.com.mx\/index.php?rest_route=\/wp\/v2\/posts\/73414\/revisions"}],"predecessor-version":[{"id":73415,"href":"https:\/\/zonaroja.com.mx\/index.php?rest_route=\/wp\/v2\/posts\/73414\/revisions\/73415"}],"wp:featuredmedia":[{"embeddable":true,"href":"https:\/\/zonaroja.com.mx\/index.php?rest_route=\/wp\/v2\/media\/67760"}],"wp:attachment":[{"href":"https:\/\/zonaroja.com.mx\/index.php?rest_route=%2Fwp%2Fv2%2Fmedia&parent=73414"}],"wp:term":[{"taxonomy":"category","embeddable":true,"href":"https:\/\/zonaroja.com.mx\/index.php?rest_route=%2Fwp%2Fv2%2Fcategories&post=73414"},{"taxonomy":"post_tag","embeddable":true,"href":"https:\/\/zonaroja.com.mx\/index.php?rest_route=%2Fwp%2Fv2%2Ftags&post=73414"}],"curies":[{"name":"wp","href":"https:\/\/api.w.org\/{rel}","templated":true}]}}