{"id":73425,"date":"2024-10-14T09:30:00","date_gmt":"2024-10-14T15:30:00","guid":{"rendered":"https:\/\/zonaroja.com.mx\/?p=73425"},"modified":"2024-10-14T08:24:27","modified_gmt":"2024-10-14T14:24:27","slug":"volvere-por-mi-hermana-sandra-dominguez-suma-10-dias-de-desaparicion","status":"publish","type":"post","link":"https:\/\/zonaroja.com.mx\/?p=73425","title":{"rendered":"\u201cVolver\u00e9 por mi hermana Sandra Dom\u00ednguez\u201d; suma 10 d\u00edas de desaparici\u00f3n"},"content":{"rendered":"\n<p>Ismael Garc\u00eda M.\/Zona Roja.<\/p>\n\n\n\n<p>Oaxaca de Ju\u00e1rez, a 14 de octubre de 2024.- A diez d\u00edas de la desaparici\u00f3n de la activista Mixe Sandra Est\u00e9fana Dom\u00ednguez y su pareja Alexander Hern\u00e1ndez, hasta el momento no hay pistas del paradero de ambos.<\/p>\n\n\n\n<p>\u201cVolver\u00e9 por mi hermana Sandra Dom\u00ednguez\u201d es la promesa que plasmaron integrantes de la familia en una cartulina colocada sobre la imagen de b\u00fasqueda, en la puerta principal del Palacio de Gobierno de Oaxaca.<\/p>\n\n\n\n<p>Ambos fueron vistos por \u00faltima vez el 4 de octubre en Mar\u00eda Lombardo de Caso, agencia de San Juan Mazatl\u00e1n Mixe, y la camioneta en que viajaban fue localizada en territorio de Tierra Blanca, estado de Veracruz.<\/p>\n\n\n\n<p>La Comisi\u00f3n Estatal de B\u00fasqueda de Personas inform\u00f3 que que, en coordinaci\u00f3n con la Fiscal\u00eda General del Estado de Oaxaca y dem\u00e1s instituciones estatales y federales, continuan los operativos para dar con el paradero de ambos.<\/p>\n\n\n\n<p>Ello, on el objetivo de obtener informaci\u00f3n que permita reconstruir los hechos a partir de que se perdi\u00f3 conocimiento de la ubicaci\u00f3n del paradero de las v\u00edctimas y orientar l\u00edneas objetivas de b\u00fasqueda para su localizaci\u00f3n.&nbsp;<\/p>\n\n\n\n<p>La Fiscal\u00eda General ha informado que se mantiene colaboraci\u00f3n con su similar de Veracruz para intensificar la b\u00fasqueda, que se realiza v\u00eda a\u00e9rea y terrestre.<\/p>\n\n\n\n<p>El activista Joaqu\u00edn Galv\u00e1n, quien ha acompa\u00f1ado en distintos procesos a Sandra Dom\u00ednguez, inform\u00f3 que este fin de semana visit\u00f3 la localidad de San Isidro Huay\u00e1pam, de donde es originaria la joven, y regres\u00f3 con bien a su lugar de residencia.<\/p>\n\n\n\n<p>Pero, a trav\u00e9s de sus redes sociales, difundi\u00f3 tambi\u00e9n ayer:<\/p>\n\n\n\n<p>\u201cSi el gobierno del estado y el gobierno federal&nbsp; no encuentra a Sandra Dominguez en estas 72 horas, yo mismo me adentrar\u00e9 a la zona a buscarla sin la protecci\u00f3n que no me han brindado y que carguen con la consciencia de 2 defensores desaparecidos. USTEDES SABEN QUE NO JUEGO\u201d.<\/p>\n\n\n\n<p>El pasado viernes, organismos civiles, como Consorcio Oaxaca, demandaron a la Presidenta Claudia Sheinbaum su intervenci\u00f3n para localizar con vida a la joven activista y a su pareja.<\/p>\n","protected":false},"excerpt":{"rendered":"<p>Ismael Garc\u00eda M.\/Zona Roja. Oaxaca de Ju\u00e1rez, a 14 de octubre de 2024.- A diez&hellip;<\/p>\n","protected":false},"author":2,"featured_media":73426,"comment_status":"closed","ping_status":"open","sticky":false,"template":"","format":"standard","meta":{"_lmt_disableupdate":"","_lmt_disable":"","_jetpack_memberships_contains_paid_content":false,"footnotes":""},"categories":[109,47],"tags":[4086],"class_list":["post-73425","post","type-post","status-publish","format-standard","has-post-thumbnail","hentry","category-minuto-a-minuto","category-zona-gris","tag-sandra-dominguez"],"jetpack_featured_media_url":"https:\/\/zonaroja.com.mx\/wp-content\/uploads\/2024\/10\/Sandra-Dominguez-y-familiare.jpg","jetpack_sharing_enabled":true,"_links":{"self":[{"href":"https:\/\/zonaroja.com.mx\/index.php?rest_route=\/wp\/v2\/posts\/73425","targetHints":{"allow":["GET"]}}],"collection":[{"href":"https:\/\/zonaroja.com.mx\/index.php?rest_route=\/wp\/v2\/posts"}],"about":[{"href":"https:\/\/zonaroja.com.mx\/index.php?rest_route=\/wp\/v2\/types\/post"}],"author":[{"embeddable":true,"href":"https:\/\/zonaroja.com.mx\/index.php?rest_route=\/wp\/v2\/users\/2"}],"replies":[{"embeddable":true,"href":"https:\/\/zonaroja.com.mx\/index.php?rest_route=%2Fwp%2Fv2%2Fcomments&post=73425"}],"version-history":[{"count":1,"href":"https:\/\/zonaroja.com.mx\/index.php?rest_route=\/wp\/v2\/posts\/73425\/revisions"}],"predecessor-version":[{"id":73427,"href":"https:\/\/zonaroja.com.mx\/index.php?rest_route=\/wp\/v2\/posts\/73425\/revisions\/73427"}],"wp:featuredmedia":[{"embeddable":true,"href":"https:\/\/zonaroja.com.mx\/index.php?rest_route=\/wp\/v2\/media\/73426"}],"wp:attachment":[{"href":"https:\/\/zonaroja.com.mx\/index.php?rest_route=%2Fwp%2Fv2%2Fmedia&parent=73425"}],"wp:term":[{"taxonomy":"category","embeddable":true,"href":"https:\/\/zonaroja.com.mx\/index.php?rest_route=%2Fwp%2Fv2%2Fcategories&post=73425"},{"taxonomy":"post_tag","embeddable":true,"href":"https:\/\/zonaroja.com.mx\/index.php?rest_route=%2Fwp%2Fv2%2Ftags&post=73425"}],"curies":[{"name":"wp","href":"https:\/\/api.w.org\/{rel}","templated":true}]}}