{"id":73428,"date":"2024-10-14T10:00:00","date_gmt":"2024-10-14T16:00:00","guid":{"rendered":"https:\/\/zonaroja.com.mx\/?p=73428"},"modified":"2024-10-14T10:52:42","modified_gmt":"2024-10-14T16:52:42","slug":"opinion-lejana-la-paz-en-la-zona-triqui","status":"publish","type":"post","link":"https:\/\/zonaroja.com.mx\/?p=73428","title":{"rendered":"Opini\u00f3n. Lejana, la paz en la zona Triqui"},"content":{"rendered":"\n<p>Ismael Garc\u00eda M.\/Zona Roja.<\/p>\n\n\n\n<p>Oaxaca, Oax., a 14 de octubre de 2024.- Una cotidiana guerra medi\u00e1tica entre organizaciones de triquis y una pasividad desde el gobierno de Oaxaca.<\/p>\n\n\n\n<p>Ese es el escenario en que desde hace varios sexenios, incluyendo el actual de morenistas, viven las comunidades del municipio de Santiago Juxtlahuaca y de Putla Villa de Guerrero.<\/p>\n\n\n\n<p>Y la paciencia del gobierno de la llamada \u201cprimavera oaxaque\u00f1a\u201d parece que se agot\u00f3:<\/p>\n\n\n\n<p>\u201cLa paz no depende s\u00f3lo del gobierno\u201d, declar\u00f3 la semana pasada el responsable de la pol\u00edtica interna en el estado, Jes\u00fas Romero L\u00f3pez.<\/p>\n\n\n\n<p>Y tiene raz\u00f3n, pues se requiere de la voluntad de las partes involucradas. Pero tampoco se ve que hay mucho inter\u00e9s gubernamental por alcanzar acuerdos.<\/p>\n\n\n\n<p>Apenas la semana pasada, las principales organizaciones sociales de la zona, MULT y MULTI, protagonizaron un en\u00e9simo encontronazo informativo, a trav\u00e9s de videos de supuestas balaceras en comunidades de la zona.&nbsp;<\/p>\n\n\n\n<p>La guerra no parece tener fin; el gobierno de Andr\u00e9s Manuel L\u00f3pez Obrador abandon\u00f3 el inter\u00e9s antes de terminar el sexenio anterior y con Claudia Sheinbaum no hay hasta ahora ninguna postura para pacificar la zona.<\/p>\n\n\n\n<p>ATAQUES MEDI\u00c1TICOS<\/p>\n\n\n\n<p>De los m\u00e1s recientes hechos, el pasado 8 de octubre, el Movimiento de Unificaci\u00f3n y Lucha Triqui denunci\u00f3 agresiones armadas por parte de sus ac\u00e9rrimos enemigos del MULTI.<\/p>\n\n\n\n<p>Seg\u00fan su versi\u00f3n mediante un comunicado, fueron atacados por la ma\u00f1ana Tierra Blanca Copala y al mediod\u00eda El Rastrojo Copala.<\/p>\n\n\n\n<p>Como siempre tambi\u00e9n, culp\u00f3 a los dirigentes del MULTI, Macario Garc\u00eda Merino y Horacio Garc\u00eda Santiago.<\/p>\n\n\n\n<p>No tard\u00f3 el Movimiento de Unificaci\u00f3n y Lucha Triqui Independiente en responder y acusar que, por su parte, el mismo d\u00eda cerca de las 11:00 horas se registraron detonaciones de armas de fuego \u201cpor parte de los paramilitares del MULT\u201d en Yosoyuxi Copala, contra la primaria \u201cCiencia y Progreso\u201d-<\/p>\n\n\n\n<p>Y, de nuevo, arremetieron contra la familia Ortiz, a la que acusan de manipular al MULT y promover los ataques.<\/p>\n\n\n\n<p>El 10 de octubre, el MULT aprovech\u00f3 el 40 aniversario de su creaci\u00f3n para insistir en que son v\u00edctimas de diversos ataques violentos:<\/p>\n\n\n\n<p>\u201cDenunciamos la inacci\u00f3n del gobierno de Oaxaca para frenar la embestida de los paramilitares del MULTI, que siguen generando inestabilidad y muerte\u201d; tras ello anunci\u00f3 el inicio de una marcha hacia la Ciudad de M\u00e9xico, a partir del pr\u00f3ximo 28 de octubre, para exigir una reuni\u00f3n con Claudia Sheinbaum.<\/p>\n\n\n\n<p>Por supuesto, ambos grupos acompa\u00f1aron sus sendos comunicados con videos de presuntas balaceras.<\/p>\n\n\n\n<p>TIBIA RESPUESTA<\/p>\n\n\n\n<p>El mismo d\u00eda 8, la Secretar\u00eda de Gobierno de Oaxaca, a trav\u00e9s del subsecretario Carlos Perezcampos Mayoral, se limit\u00f3 a hacer un llamado, mediante un bolet\u00edn, \u201ca cesar las acciones de violencia en la regi\u00f3n que ponen en riesgo la seguridad de la ciudadan\u00eda, y que se trabaje a favor de la paz y la seguridad.<\/p>\n\n\n\n<p>\u201cLa Sego exhort\u00f3 a ambas organizaciones a conducirse con civilidad, anteponiendo por encima la integridad y el bienestar de la poblaci\u00f3n, especialmente de la ni\u00f1ez de las comunidades\u201d, recalc\u00f3.<\/p>\n\n\n\n<p>Expuso que est\u00e1n abiertos al di\u00e1logo y le apuestan a la paz, \u201cpero tambi\u00e9n a la justicia y a la aplicaci\u00f3n de la ley\u201d; \u201cCuando con quien se dialoga no se compromete, lo que sigue es la aplicaci\u00f3n del Estado de Derecho\u201d, subray\u00f3.<\/p>\n\n\n\n<p>Sin embargo, al igual que el MULT y el MULTI, la Secretar\u00eda de Gobierno s\u00f3lo respondi\u00f3 medi\u00e1ticamente al momento, a la situaci\u00f3n, pues hasta el momento ni hay paz ni hay di\u00e1logo ni hay acuerdos ni hay nada.<\/p>\n\n\n\n<p>CONFLICTO PERMANENTE<\/p>\n\n\n\n<p>Lo cierto es que la problem\u00e1tica en la zona persiste desde hace m\u00e1s de dos sexenios. Por un lado, desde hace m\u00e1s de 13 a\u00f1os, cientos de familias fueron desplazadas de San Juan Copala, v\u00edctimas de la violencia.<\/p>\n\n\n\n<p>Llegaron a la ciudad de Oaxaca, ocuparon por muchos a\u00f1os el portal del Palacio de Gobierno y despu\u00e9s se extendieron por todo el z\u00f3calo, junto con otras organizaciones sociales.<\/p>\n\n\n\n<p>Con Gabino Cu\u00e9, reubicaron a algunos; les dieron incluso terreno y construyeron viviendas, pero no fue suficiente. Con Alejandro Murat no se hizo pr\u00e1cticamente nada y ah\u00ed se mantuvieron.&nbsp;<\/p>\n\n\n\n<p>Por el contrario, en el \u00faltimo a\u00f1o del ex priista, ahora morenista, hubo otro desplazamiento, ahora de moradores de Tierra Blanca Copala, que actualmente est\u00e1n alojadas en Yosoyuxi Copala, pero inicialmente arribaron a la capital.<\/p>\n\n\n\n<p>Fue a ra\u00edz de este \u00faltimo hecho en que la Secretar\u00eda de Gobernaci\u00f3n, pero especialmente el subsecretario Alejandro Encinas, pusieron empe\u00f1o, en el \u00faltimo mes de Murat y el primer a\u00f1o de Salom\u00f3n Jara, para atender la problem\u00e1tica.<\/p>\n\n\n\n<p>Incluso, el mismo Encinas acudi\u00f3 a la zona Triqui para atender a los desplazados y hasta hubo intentos de ingresar a los desplazados hacia Tierra Blanca.<\/p>\n\n\n\n<p>Pero quitaron del cargo al subsecretario y el gobierno de Oaxaca desisti\u00f3 de insistir en el retorno de los desplazados, mientras que el regreso de los pobladores de San Juan Copala qued\u00f3 en el olvido hace muchos a\u00f1os; de hecho, hicieron su vida y hasta tienen hijos en la capital.<\/p>\n\n\n\n<p>En el inicio del sexenio de la 4T en Oaxaca, se retir\u00f3 a todos los ambulantes triquis y de otras organizaciones tanto del corredor exterior del Palacio de Gobierno como del z\u00f3calo, bajo la promesa, ahora s\u00ed, de solucionar el problema y regresarlos a sus comunidades, bajo un entorno seguro y protegido. Pero nada.<\/p>\n\n\n\n<p>Por cierto, \u00bfpor qu\u00e9 nunca ha dado la cara el presidente municipal de Santiago Juxtlahuaca, el priista-morenista Arsenio Mej\u00eda?, la mayor\u00eda de las problem\u00e1ticas son en esa demarcaci\u00f3n; la misma actitud tom\u00f3 el ex edil y hoy diputado morenista Nicol\u00e1s Feria Romero.<\/p>\n\n\n\n<p>Por cierto, el gobierno morenista sigue utilizando a la organizaci\u00f3n social Ubisort, creada por el PRI cuyo dirigente se ha hecho millonario por prestar servicios para supuestamente mediar en la zona y\/o inclinar la balanza hacia alg\u00fan lado.No ha servido para nada m\u00e1s que para sangrar al erario.<\/p>\n\n\n\n<p>Sin embargo, pr\u00e1cticamente pasaron ya dos a\u00f1os del actual sexenio y no se asoma por ning\u00fan lado la paz en la \u201cmonta\u00f1a roja\u201d\u2026 que seguir\u00e1 sangrando.<\/p>\n","protected":false},"excerpt":{"rendered":"<p>Ismael Garc\u00eda M.\/Zona Roja. Oaxaca, Oax., a 14 de octubre de 2024.- Una cotidiana guerra&hellip;<\/p>\n","protected":false},"author":2,"featured_media":67764,"comment_status":"closed","ping_status":"open","sticky":false,"template":"","format":"standard","meta":{"_lmt_disableupdate":"","_lmt_disable":"","_jetpack_memberships_contains_paid_content":false,"footnotes":""},"categories":[456,109,48],"tags":[1353],"class_list":["post-73428","post","type-post","status-publish","format-standard","has-post-thumbnail","hentry","category-columna","category-minuto-a-minuto","category-zona-critica","tag-opinion-zona-critica"],"jetpack_featured_media_url":"https:\/\/zonaroja.com.mx\/wp-content\/uploads\/2024\/04\/Opinion-Zona-Roja-Ismael-Garcia.jpg","jetpack_sharing_enabled":true,"_links":{"self":[{"href":"https:\/\/zonaroja.com.mx\/index.php?rest_route=\/wp\/v2\/posts\/73428","targetHints":{"allow":["GET"]}}],"collection":[{"href":"https:\/\/zonaroja.com.mx\/index.php?rest_route=\/wp\/v2\/posts"}],"about":[{"href":"https:\/\/zonaroja.com.mx\/index.php?rest_route=\/wp\/v2\/types\/post"}],"author":[{"embeddable":true,"href":"https:\/\/zonaroja.com.mx\/index.php?rest_route=\/wp\/v2\/users\/2"}],"replies":[{"embeddable":true,"href":"https:\/\/zonaroja.com.mx\/index.php?rest_route=%2Fwp%2Fv2%2Fcomments&post=73428"}],"version-history":[{"count":2,"href":"https:\/\/zonaroja.com.mx\/index.php?rest_route=\/wp\/v2\/posts\/73428\/revisions"}],"predecessor-version":[{"id":73439,"href":"https:\/\/zonaroja.com.mx\/index.php?rest_route=\/wp\/v2\/posts\/73428\/revisions\/73439"}],"wp:featuredmedia":[{"embeddable":true,"href":"https:\/\/zonaroja.com.mx\/index.php?rest_route=\/wp\/v2\/media\/67764"}],"wp:attachment":[{"href":"https:\/\/zonaroja.com.mx\/index.php?rest_route=%2Fwp%2Fv2%2Fmedia&parent=73428"}],"wp:term":[{"taxonomy":"category","embeddable":true,"href":"https:\/\/zonaroja.com.mx\/index.php?rest_route=%2Fwp%2Fv2%2Fcategories&post=73428"},{"taxonomy":"post_tag","embeddable":true,"href":"https:\/\/zonaroja.com.mx\/index.php?rest_route=%2Fwp%2Fv2%2Ftags&post=73428"}],"curies":[{"name":"wp","href":"https:\/\/api.w.org\/{rel}","templated":true}]}}