{"id":73437,"date":"2024-10-14T13:17:00","date_gmt":"2024-10-14T19:17:00","guid":{"rendered":"https:\/\/zonaroja.com.mx\/?p=73437"},"modified":"2024-10-14T10:18:00","modified_gmt":"2024-10-14T16:18:00","slug":"opinion-brecha-las-anoranzas-de-la-radio-y-de-la-vieja-guardia","status":"publish","type":"post","link":"https:\/\/zonaroja.com.mx\/?p=73437","title":{"rendered":"Opini\u00f3n. Brecha. Las a\u00f1oranzas de la radio y de la vieja guardia"},"content":{"rendered":"\n<p>El Andariego (Raciel Mart\u00ednez Blas*)<\/p>\n\n\n\n<p>En la despedida radiof\u00f3nica, una voz timbrada: \u201cEsperamos haber satisfecho su derecho a la informaci\u00f3n. Si-lo-logramos, \u00a1Los satisfechos seremos nosotros! \u00a1Muy bueenos d\u00edas!\u201d<\/p>\n\n\n\n<p>El noticiero&nbsp;matutino&nbsp;en el 1240 de amplitud&nbsp;modulada&nbsp;era popular. Su contenido era la lectura de notas de los peri\u00f3dicos impresos de la \u00e9poca&nbsp;y el comentario adicional del locutor.<\/p>\n\n\n\n<p>No todo el contenido de los diarios&nbsp;se trasmit\u00eda, un tamiz patronal estaba de por medio. Cuesti\u00f3n de intereses econ\u00f3micos m\u00e1s que el derecho a la informaci\u00f3n.<\/p>\n\n\n\n<p>Por m\u00e1s movimientos a la sinton\u00eda del aparato radial,&nbsp;no exist\u00eda alternativa.&nbsp;Esa cajita feliz (similar a&nbsp;una caja de zapatos)&nbsp;marca \u201cPhilco\u201d no se mov\u00eda mientras duraba la transmisi\u00f3n.<\/p>\n\n\n\n<p>Paisanos quienes laboraban en la Ciudad de M\u00e9xico contaban a los j\u00f3venes reporteros de un noticiero llamado \u201cMonitor\u201d en el que Jos\u00e9 Guti\u00e9rrez Viv\u00f3 era la estrella. \u201cEl vive la noticia, la transmite y la complementa con su profesionalismo\u201d, parte de la publicidad.<\/p>\n\n\n\n<p>Era un noticiero de larga&nbsp;duraci\u00f3n de 6 a 9 de la ma\u00f1ana. Hab\u00eda&nbsp;una comunicaci\u00f3n directa con el p\u00fablico&nbsp;y a la cual a\u00f1adi\u00f3 un t\u00f3pico informativo: la red vial, hoy necesario en toda ciudad.<\/p>\n\n\n\n<p>Ese noticiero adopt\u00f3 como slogan \u201cComprometidos con la verdad\u2026\u201d<\/p>\n\n\n\n<p>Tiempo despu\u00e9s lleg\u00f3 a sintonizarse en Oaxaca de Ju\u00e1rez, para desaparecer cuando la censura foxista y calderonista operaban.&nbsp;<\/p>\n\n\n\n<p>En tanto,&nbsp;corr\u00edan las versiones de un proyecto en la frecuencia 570 de am. Intentona de un grupo de reporteros quienes so\u00f1aban adormilados.<\/p>\n\n\n\n<p>Era poco conocido la terca realidad: \u201cLos reporteros no ten\u00edamos derecho de r\u00e9plica. Los funcionarios pod\u00edan imponer su versi\u00f3n o desmentirnos. Las notas entraban al sal\u00f3n de corte y confecci\u00f3n. Nada que contradijera a la clase gobernante\u201d.<\/p>\n\n\n\n<p>&#8211;Felicidades, vi&nbsp;que te llevaste la de ocho columnas en tu peri\u00f3dico, \u00e9chale ganas mi campe\u00f3n. &nbsp;\u2013Elogiaba&nbsp;un veterano a un principiante&nbsp;reportero.<\/p>\n\n\n\n<p>El joven enfil\u00f3 presuroso a la redacci\u00f3n del diario para recibir su orden de trabajo.&nbsp;Ah\u00ed comprob\u00f3 que una&nbsp;gacetilla maquillada de informaci\u00f3n&nbsp;con su nombre, era la principal nota.<\/p>\n\n\n\n<p>A\u00f1os de sumar dinero al dinero.&nbsp;Todo a la venta: informes y obras municipales, declaraciones de pol\u00edticos,&nbsp;diputados, senadores,&nbsp;empresarios,&nbsp;y con mayor&nbsp;agrado las esquelas, de esas nadie pod\u00eda escapar. Porque \u201cquit\u00e1ndole lo hijo de la chingada,&nbsp;el difunto&nbsp;era una buena persona\u201d. As\u00ed que la esquela a p\u00e1gina entera o media plana en el impreso.<\/p>\n\n\n\n<p>A&nbsp;la distancia un \u201cReencuentro&nbsp;Fraterno\u201d&nbsp;de periodistas, la convocatoria para saludarse, el pase de lista, cada&nbsp;quien su historia, cada quien su peregrinar.&nbsp;No llegaron todos los que son\u2026&nbsp;<\/p>\n\n\n\n<p>Una convivencia, comida,&nbsp;por&nbsp;la generosidad de don&nbsp;Tom\u00e1s Gonz\u00e1lez Illescas. Gracias a esa iniciativa. Gracias.<\/p>\n\n\n\n<p>&#8211;\u00bfSigues en la radio? \u00bfEn d\u00f3nde te publican? \u00bfYa no escribes?&nbsp;\u00bfDesde cu\u00e1ndo dejaste el peri\u00f3dico? \u2013Decenas&nbsp;de preguntas asaltaron.<\/p>\n\n\n\n<p>&#8211;S\u00ed, tengo un portalito. Estoy en la g\u00fceb.<\/p>\n\n\n\n<p>En el otro barrio, en Trinidad de las Huertas, parece escucharse&nbsp;en un moderno radio:<\/p>\n\n\n\n<p>\u201cVamos a unos comerciales y regresamos a su diario hablado. Ocho de la ma\u00f1ana con 30 minutos\u2026\u201d<\/p>\n\n\n\n<p>*Periodista oaxaque\u00f1o.<\/p>\n\n\n\n<p><a href=\"mailto:racmar24@gmail.com\">racmar24@gmail.com<\/a><\/p>\n","protected":false},"excerpt":{"rendered":"<p>El Andariego (Raciel Mart\u00ednez Blas*) En la despedida radiof\u00f3nica, una voz timbrada: \u201cEsperamos haber satisfecho&hellip;<\/p>\n","protected":false},"author":2,"featured_media":71624,"comment_status":"closed","ping_status":"open","sticky":false,"template":"","format":"standard","meta":{"_lmt_disableupdate":"","_lmt_disable":"","_jetpack_memberships_contains_paid_content":false,"footnotes":""},"categories":[456,109],"tags":[4021],"class_list":["post-73437","post","type-post","status-publish","format-standard","has-post-thumbnail","hentry","category-columna","category-minuto-a-minuto","tag-brecha-raciel-martinez-blas"],"jetpack_featured_media_url":"https:\/\/zonaroja.com.mx\/wp-content\/uploads\/2024\/08\/Opinion.-Raciel-Martinez.jpg","jetpack_sharing_enabled":true,"_links":{"self":[{"href":"https:\/\/zonaroja.com.mx\/index.php?rest_route=\/wp\/v2\/posts\/73437","targetHints":{"allow":["GET"]}}],"collection":[{"href":"https:\/\/zonaroja.com.mx\/index.php?rest_route=\/wp\/v2\/posts"}],"about":[{"href":"https:\/\/zonaroja.com.mx\/index.php?rest_route=\/wp\/v2\/types\/post"}],"author":[{"embeddable":true,"href":"https:\/\/zonaroja.com.mx\/index.php?rest_route=\/wp\/v2\/users\/2"}],"replies":[{"embeddable":true,"href":"https:\/\/zonaroja.com.mx\/index.php?rest_route=%2Fwp%2Fv2%2Fcomments&post=73437"}],"version-history":[{"count":1,"href":"https:\/\/zonaroja.com.mx\/index.php?rest_route=\/wp\/v2\/posts\/73437\/revisions"}],"predecessor-version":[{"id":73438,"href":"https:\/\/zonaroja.com.mx\/index.php?rest_route=\/wp\/v2\/posts\/73437\/revisions\/73438"}],"wp:featuredmedia":[{"embeddable":true,"href":"https:\/\/zonaroja.com.mx\/index.php?rest_route=\/wp\/v2\/media\/71624"}],"wp:attachment":[{"href":"https:\/\/zonaroja.com.mx\/index.php?rest_route=%2Fwp%2Fv2%2Fmedia&parent=73437"}],"wp:term":[{"taxonomy":"category","embeddable":true,"href":"https:\/\/zonaroja.com.mx\/index.php?rest_route=%2Fwp%2Fv2%2Fcategories&post=73437"},{"taxonomy":"post_tag","embeddable":true,"href":"https:\/\/zonaroja.com.mx\/index.php?rest_route=%2Fwp%2Fv2%2Ftags&post=73437"}],"curies":[{"name":"wp","href":"https:\/\/api.w.org\/{rel}","templated":true}]}}