{"id":7344,"date":"2020-01-06T07:28:25","date_gmt":"2020-01-06T13:28:25","guid":{"rendered":"http:\/\/www.zonaroja.com.mx\/?p=7344"},"modified":"2020-01-06T07:28:28","modified_gmt":"2020-01-06T13:28:28","slug":"impactan-dos-cohetes-cerca-de-embajada-de-eu-en-irak","status":"publish","type":"post","link":"https:\/\/zonaroja.com.mx\/?p=7344","title":{"rendered":"Impactan dos cohetes cerca de embajada de EU en Irak"},"content":{"rendered":"\n<p>Redacci\u00f3n\/Zona\nRoja Cdmx.<\/p>\n\n\n\n<p>Ciudad\nde M\u00e9xico, 6 de enero de 2020.- Al menos dos cohetes impactaron anoche cerca de\nla embajada de Estados Unidos en Bagdad, poco despu\u00e9s de que el Parlamento\niraqu\u00ed vot\u00f3 para pedir la expulsi\u00f3n de las fuerzas estadunidenses del pa\u00eds por\nel asesinato del general iran\u00ed Qasem Soleimani.<\/p>\n\n\n\n<p>En\nTeher\u00e1n, cientos de miles de personas se manifestaron en las ciudades de Ahvaz\ny Mashhad, en el segundo de los tres d\u00edas de homenaje a Soleimani.<\/p>\n\n\n\n<p>De\nacuerdo con informaci\u00f3n de \u201cLa Jornada\u201d, el presidente Donald Trump respondi\u00f3\nanoche que sus soldados no saldr\u00e1n hasta que Irak pague a Estados Unidos por su\nbase a\u00e9rea que fue extraordinariamente cara.<\/p>\n\n\n\n<p>En\ntanto, varios cohetes Katiusha fueron lanzados hacia la zona verde, donde se\nencuentran los ministerios iraqu\u00edes y las embajadas extranjeras; dos impactaron\ncerca de la legaci\u00f3n estadunidense, confirm\u00f3 la coalici\u00f3n internacional\nantiyihadista liderada por Estados Unidos.<\/p>\n\n\n\n<p>El\ncanal Al Arabiya report\u00f3 que una familia result\u00f3 herida durante el ataque, pero\nagencias de noticias internacionales informaron que no hubo lesionados.<\/p>\n\n\n\n<p>\u201cLa\nJornada\u201d agrega que desde hace m\u00e1s de dos meses decenas de cohetes han sido\ndisparados hacia la zonas donde hay diplom\u00e1ticos y militares estadunidenses.\nLos ataques mataron a un contratista en diciembre pasado.<\/p>\n\n\n\n<p>Soleimani,\njefe de la fuerza Al Qods de los Guardianes de la Revoluci\u00f3n Isl\u00e1mica, muri\u00f3 el\nviernes en un bombardeo. En el asalto, perpetrado afuera del aeropuerto de\nBagdad y autorizado por Estados Unidos, murieron otras ocho personas, entre\nellas Abu Mehdi Muhandis, n\u00famero dos de las Fuerzas de Movilizaci\u00f3n Popular,\ncoalici\u00f3n de paramilitares pro iran\u00edes integrados en el Estado iraqu\u00ed.<\/p>\n\n\n\n<p>El\nprimer ministro saliente, Adel Abdel Mahdi, asegur\u00f3 que las muertes de\nSoleimani y Al Muhandis fueron un asesinato pol\u00edtico, y que s\u00f3lo deja dos\nopciones: llamar a los soldados extranjeros a que se vayan inmediatamente o\nrevisar su mandato mediante un proceso parlamentario.<\/p>\n\n\n\n<p>En\nla C\u00e1mara de Representantes, ante la ausencia de los diputados kurdos y de la\nmayor\u00eda de los sunitas, numerosos representantes corearon: \u00a1no a Estados\nUnidos!<\/p>\n\n\n\n<p>En\nel pa\u00eds hay 5 mil 200 soldados estadunidenses y ante el aumento de las\ntensiones Washington anunci\u00f3 el despliegue hasta de 3 mil 500 soldados m\u00e1s en\nMedio Oriente.<\/p>\n\n\n\n<p>Mientras\nse desarrollaba la sesi\u00f3n parlamentaria, miles de manifestantes\nantigubernamentales protestaron en Bagdad contra los dos ocupantes: Ir\u00e1n y\nEstados Unidos. En otras ciudades de Medio Oriente cientos de personas se\nmanifestaron contra Washington.<\/p>\n\n\n\n<p>El\npresidente estadunidense, Donald Trump, amenaz\u00f3 con imponer sanciones duras a\nIrak si emprende actos hostiles contra los intereses de Estados Unidos, report\u00f3\nel servicio de prensa de la Casa Blanca. Horas despu\u00e9s, a bordo del Air Force\nOne, de regreso a Washington, el mandatario advirti\u00f3 que aplicar\u00e1 represalias\nimportantes ante un eventual ataque iran\u00ed contra instalaciones estadunidenses\nen Medio Oriente.<\/p>\n\n\n\n<p>En\nTwitter, Trump se mof\u00f3 de las cr\u00edticas por el asesinato de Soleimani al decir\nque no necesita la aprobaci\u00f3n del Congreso, incluso para un ataque\ndesproporcionado.<\/p>\n\n\n\n<p>(Informaci\u00f3n\nde \u201cLa Jornada\u201d)<\/p>\n","protected":false},"excerpt":{"rendered":"<p>Redacci\u00f3n\/Zona Roja Cdmx. Ciudad de M\u00e9xico, 6 de enero de 2020.- Al menos dos cohetes&hellip;<\/p>\n","protected":false},"author":2,"featured_media":7345,"comment_status":"closed","ping_status":"open","sticky":false,"template":"","format":"standard","meta":{"_lmt_disableupdate":"","_lmt_disable":"","_jetpack_memberships_contains_paid_content":false,"footnotes":""},"categories":[109,51],"tags":[1239],"class_list":["post-7344","post","type-post","status-publish","format-standard","has-post-thumbnail","hentry","category-minuto-a-minuto","category-zona-roja","tag-guerra-iran-estados-unidos"],"jetpack_featured_media_url":"https:\/\/zonaroja.com.mx\/wp-content\/uploads\/2020\/01\/funeral-Ir\u00e1n.jpg","jetpack_sharing_enabled":true,"_links":{"self":[{"href":"https:\/\/zonaroja.com.mx\/index.php?rest_route=\/wp\/v2\/posts\/7344","targetHints":{"allow":["GET"]}}],"collection":[{"href":"https:\/\/zonaroja.com.mx\/index.php?rest_route=\/wp\/v2\/posts"}],"about":[{"href":"https:\/\/zonaroja.com.mx\/index.php?rest_route=\/wp\/v2\/types\/post"}],"author":[{"embeddable":true,"href":"https:\/\/zonaroja.com.mx\/index.php?rest_route=\/wp\/v2\/users\/2"}],"replies":[{"embeddable":true,"href":"https:\/\/zonaroja.com.mx\/index.php?rest_route=%2Fwp%2Fv2%2Fcomments&post=7344"}],"version-history":[{"count":1,"href":"https:\/\/zonaroja.com.mx\/index.php?rest_route=\/wp\/v2\/posts\/7344\/revisions"}],"predecessor-version":[{"id":7346,"href":"https:\/\/zonaroja.com.mx\/index.php?rest_route=\/wp\/v2\/posts\/7344\/revisions\/7346"}],"wp:featuredmedia":[{"embeddable":true,"href":"https:\/\/zonaroja.com.mx\/index.php?rest_route=\/wp\/v2\/media\/7345"}],"wp:attachment":[{"href":"https:\/\/zonaroja.com.mx\/index.php?rest_route=%2Fwp%2Fv2%2Fmedia&parent=7344"}],"wp:term":[{"taxonomy":"category","embeddable":true,"href":"https:\/\/zonaroja.com.mx\/index.php?rest_route=%2Fwp%2Fv2%2Fcategories&post=7344"},{"taxonomy":"post_tag","embeddable":true,"href":"https:\/\/zonaroja.com.mx\/index.php?rest_route=%2Fwp%2Fv2%2Ftags&post=7344"}],"curies":[{"name":"wp","href":"https:\/\/api.w.org\/{rel}","templated":true}]}}