{"id":73442,"date":"2024-10-14T18:42:36","date_gmt":"2024-10-15T00:42:36","guid":{"rendered":"https:\/\/zonaroja.com.mx\/?p=73442"},"modified":"2024-10-14T18:42:38","modified_gmt":"2024-10-15T00:42:38","slug":"autoridades-del-pueblo-de-sandra-dominguez-urgen-su-localizacion","status":"publish","type":"post","link":"https:\/\/zonaroja.com.mx\/?p=73442","title":{"rendered":"Autoridades del pueblo de Sandra Dom\u00ednguez urgen su localizaci\u00f3n\u00a0"},"content":{"rendered":"\n<p>Raymundo Morales\/Zona Roja.<\/p>\n\n\n\n<p>Oaxaca de Ju\u00e1rez, Oax., a 14 de octubre de 2024.- Autoridades agrarias y auxiliares de la agencia de San Isidro Huay\u00e1pam, de donde es originaria Sandra Dom\u00ednguez, pidieron la urgente intervenci\u00f3n de la Presidenta Claudia Sheinbaum y de la Fiscal\u00eda General de la Rep\u00fablica para hallar a la activista y a su pareja Alexander Hern\u00e1ndez.<\/p>\n\n\n\n<p>A trav\u00e9s de un comunicado con fecha de ayer domingo, la agencia perteneciente al municipio de Santa Mar\u00eda Alotepec conden\u00f3 \u201cen\u00e9rgicamente\u201d la desaparici\u00f3n de ambas personas \u2014el pasado 4 de octubre.<\/p>\n\n\n\n<p>\u201cExigimos respetuosamente a las autoridades competentes de los tres niveles de gobierno intensificar la b\u00fasqueda, investigaci\u00f3n y localizaci\u00f3n con vida, debi\u00e9ndooslos agotarse todas las l\u00edneas de investigaci\u00f3n hasta dar con el paradero de esta hija de nuestra comunidad\u201d, expusieron.<\/p>\n\n\n\n<p>A la Presidenta Sheinbaum le demandaron pronunciarse respecto al caso y gire instrucciones para dar con el paradero de Sandra Est\u00e9fana Dom\u00ednguez y Alexander Hern\u00e1ndez; al gobernador Salom\u00f3n Jara Cruz pidieron se solicite atenci\u00f3n integral para la familia de la joven y brindar todas las medidas de protecci\u00f3n para garantizar la b\u00fasqueda de justicia.<\/p>\n\n\n\n<p>\u201cLos familiares por nuestro agradecen infinitamente a todas las personas, asociaciones sociales, partidos pol\u00edticos y dem\u00e1s instancias, que se han sumado al reclamo y exigencia a las autoridades correspondientes para que aparezca con vida la lic. Sandra Est\u00e9fana Dom\u00ednguez Mart\u00ednez\u201d.<\/p>\n\n\n\n<p>El documento lo firman, entre otros, el agente municipal Enrique Reyes P\u00e9rez, y el alcalde \u00fanico constitucional, Aristarco Zamora Reyes, as\u00ed como el presidente del Comisariado de Bienes Comunales, Gildardo Mendoza Zamora.<\/p>\n","protected":false},"excerpt":{"rendered":"<p>Raymundo Morales\/Zona Roja. Oaxaca de Ju\u00e1rez, Oax., a 14 de octubre de 2024.- Autoridades agrarias&hellip;<\/p>\n","protected":false},"author":2,"featured_media":73444,"comment_status":"closed","ping_status":"open","sticky":false,"template":"","format":"standard","meta":{"_lmt_disableupdate":"","_lmt_disable":"","_jetpack_memberships_contains_paid_content":false,"footnotes":""},"categories":[109,46],"tags":[4086],"class_list":["post-73442","post","type-post","status-publish","format-standard","has-post-thumbnail","hentry","category-minuto-a-minuto","category-zona-blanca","tag-sandra-dominguez"],"jetpack_featured_media_url":"https:\/\/zonaroja.com.mx\/wp-content\/uploads\/2024\/10\/San-Isidro-Huayapam-Caso-Sandra-Dominguez.jpg","jetpack_sharing_enabled":true,"_links":{"self":[{"href":"https:\/\/zonaroja.com.mx\/index.php?rest_route=\/wp\/v2\/posts\/73442","targetHints":{"allow":["GET"]}}],"collection":[{"href":"https:\/\/zonaroja.com.mx\/index.php?rest_route=\/wp\/v2\/posts"}],"about":[{"href":"https:\/\/zonaroja.com.mx\/index.php?rest_route=\/wp\/v2\/types\/post"}],"author":[{"embeddable":true,"href":"https:\/\/zonaroja.com.mx\/index.php?rest_route=\/wp\/v2\/users\/2"}],"replies":[{"embeddable":true,"href":"https:\/\/zonaroja.com.mx\/index.php?rest_route=%2Fwp%2Fv2%2Fcomments&post=73442"}],"version-history":[{"count":1,"href":"https:\/\/zonaroja.com.mx\/index.php?rest_route=\/wp\/v2\/posts\/73442\/revisions"}],"predecessor-version":[{"id":73445,"href":"https:\/\/zonaroja.com.mx\/index.php?rest_route=\/wp\/v2\/posts\/73442\/revisions\/73445"}],"wp:featuredmedia":[{"embeddable":true,"href":"https:\/\/zonaroja.com.mx\/index.php?rest_route=\/wp\/v2\/media\/73444"}],"wp:attachment":[{"href":"https:\/\/zonaroja.com.mx\/index.php?rest_route=%2Fwp%2Fv2%2Fmedia&parent=73442"}],"wp:term":[{"taxonomy":"category","embeddable":true,"href":"https:\/\/zonaroja.com.mx\/index.php?rest_route=%2Fwp%2Fv2%2Fcategories&post=73442"},{"taxonomy":"post_tag","embeddable":true,"href":"https:\/\/zonaroja.com.mx\/index.php?rest_route=%2Fwp%2Fv2%2Ftags&post=73442"}],"curies":[{"name":"wp","href":"https:\/\/api.w.org\/{rel}","templated":true}]}}