{"id":73446,"date":"2024-10-14T20:53:07","date_gmt":"2024-10-15T02:53:07","guid":{"rendered":"https:\/\/zonaroja.com.mx\/?p=73446"},"modified":"2024-10-14T20:53:09","modified_gmt":"2024-10-15T02:53:09","slug":"recibe-congreso-de-oaxaca-minuta-de-reforma-constitucional-sobre-salario-minimo","status":"publish","type":"post","link":"https:\/\/zonaroja.com.mx\/?p=73446","title":{"rendered":"Recibe Congreso de Oaxaca minuta de reforma constitucional sobre salario m\u00ednimo"},"content":{"rendered":"\n<p>Redacci\u00f3n\/Zona Roja.&nbsp;<\/p>\n\n\n\n<p>Oaxaca de Ju\u00e1rez, Oax., a 14 de octubre de 2024.- La Diputaci\u00f3n Permanente de la 65 Legislatura local recibi\u00f3 este lunes la minuta con proyecto de decreto, por el que se reforma la Constituci\u00f3n Pol\u00edtica de los Estados Unidos Mexicanos, en materia de salario m\u00ednimo.<\/p>\n\n\n\n<p>En sesi\u00f3n extraordinaria, la Diputaci\u00f3n Permanente notific\u00f3 de la recepci\u00f3n de la minuta remitida por el Congreso de la Uni\u00f3n, y la turn\u00f3 a la Comisi\u00f3n Permanente de Estudios Constitucionales, para su an\u00e1lisis y dictaminaci\u00f3n.<\/p>\n\n\n\n<p>Ello, para el cumplimiento del art\u00edculo 135 constitucional que establece que adem\u00e1s de la aprobaci\u00f3n en el Congreso de la Uni\u00f3n se requiere del aval de la mayor\u00eda absoluta de los Congresos de los estados del pa\u00eds, en los asuntos de modificaciones o adiciones a la Carta Magna.<\/p>\n\n\n\n<p>Dicha minuta recibida es sobre la reforma al art\u00edculo 123 de la Constituci\u00f3n de M\u00e9xico, que aprob\u00f3 el Congreso de la Uni\u00f3n, en la cual se establece que la fijaci\u00f3n anual de los salarios m\u00ednimos generales o profesionales, as\u00ed como la revisi\u00f3n de los mismos, no estar\u00e1 por debajo de la inflaci\u00f3n observada durante el periodo de su vigencia.<\/p>\n\n\n\n<p>Por otra parte, la Diputaci\u00f3n Permanente tambi\u00e9n aprob\u00f3 la convocatoria al cuarto periodo extraordinario de sesiones correspondiente al tercer a\u00f1o de ejercicio constitucional de la LXV Legislatura local, por lo que cit\u00f3 al Pleno a sesi\u00f3n para el martes 15 de octubre del presente a\u00f1o, a las 11:00 horas.<\/p>\n","protected":false},"excerpt":{"rendered":"<p>Redacci\u00f3n\/Zona Roja.&nbsp; Oaxaca de Ju\u00e1rez, Oax., a 14 de octubre de 2024.- La Diputaci\u00f3n Permanente&hellip;<\/p>\n","protected":false},"author":2,"featured_media":73447,"comment_status":"closed","ping_status":"open","sticky":false,"template":"","format":"standard","meta":{"_lmt_disableupdate":"","_lmt_disable":"","_jetpack_memberships_contains_paid_content":false,"footnotes":""},"categories":[109,46],"tags":[2743],"class_list":["post-73446","post","type-post","status-publish","format-standard","has-post-thumbnail","hentry","category-minuto-a-minuto","category-zona-blanca","tag-65-legislatura-del-estado-de-oaxaca"],"jetpack_featured_media_url":"https:\/\/zonaroja.com.mx\/wp-content\/uploads\/2024\/10\/Congreso-de-Oaxaca-diputados.jpg","jetpack_sharing_enabled":true,"_links":{"self":[{"href":"https:\/\/zonaroja.com.mx\/index.php?rest_route=\/wp\/v2\/posts\/73446","targetHints":{"allow":["GET"]}}],"collection":[{"href":"https:\/\/zonaroja.com.mx\/index.php?rest_route=\/wp\/v2\/posts"}],"about":[{"href":"https:\/\/zonaroja.com.mx\/index.php?rest_route=\/wp\/v2\/types\/post"}],"author":[{"embeddable":true,"href":"https:\/\/zonaroja.com.mx\/index.php?rest_route=\/wp\/v2\/users\/2"}],"replies":[{"embeddable":true,"href":"https:\/\/zonaroja.com.mx\/index.php?rest_route=%2Fwp%2Fv2%2Fcomments&post=73446"}],"version-history":[{"count":1,"href":"https:\/\/zonaroja.com.mx\/index.php?rest_route=\/wp\/v2\/posts\/73446\/revisions"}],"predecessor-version":[{"id":73448,"href":"https:\/\/zonaroja.com.mx\/index.php?rest_route=\/wp\/v2\/posts\/73446\/revisions\/73448"}],"wp:featuredmedia":[{"embeddable":true,"href":"https:\/\/zonaroja.com.mx\/index.php?rest_route=\/wp\/v2\/media\/73447"}],"wp:attachment":[{"href":"https:\/\/zonaroja.com.mx\/index.php?rest_route=%2Fwp%2Fv2%2Fmedia&parent=73446"}],"wp:term":[{"taxonomy":"category","embeddable":true,"href":"https:\/\/zonaroja.com.mx\/index.php?rest_route=%2Fwp%2Fv2%2Fcategories&post=73446"},{"taxonomy":"post_tag","embeddable":true,"href":"https:\/\/zonaroja.com.mx\/index.php?rest_route=%2Fwp%2Fv2%2Ftags&post=73446"}],"curies":[{"name":"wp","href":"https:\/\/api.w.org\/{rel}","templated":true}]}}