{"id":73449,"date":"2024-10-14T21:55:08","date_gmt":"2024-10-15T03:55:08","guid":{"rendered":"https:\/\/zonaroja.com.mx\/?p=73449"},"modified":"2024-10-14T21:55:10","modified_gmt":"2024-10-15T03:55:10","slug":"otros-dos-ejecutados-a-balazos-en-la-region-del-istmo","status":"publish","type":"post","link":"https:\/\/zonaroja.com.mx\/?p=73449","title":{"rendered":"Otros dos ejecutados a balazos en la regi\u00f3n del Istmo"},"content":{"rendered":"\n<p>Raymundo Morales\/Zona Roja.<\/p>\n\n\n\n<p>Oaxaca de Ju\u00e1rez, Oax., a 14 de octubre de 2024.- Dos personas del sexo masculino fueron ejecutadas a balazos este lunes en la regi\u00f3n del Istmo de Tehuantepec.<\/p>\n\n\n\n<p>Un caso ocurri\u00f3 en el tramo carretero de Juchit\u00e1n de Zaragoza a Santo Domingo Tehuantepec, jurisdicci\u00f3n del primer municipio, en que localizaron un cuerpo sin vida, maniatado, desnudo, con huellas de tortura e impacto de bala.<\/p>\n\n\n\n<p>La v\u00edctima fue identificada de manera preliminar como Mariano S. V., originario de la ciudad juchiteca, cuyo cuerpo fue arrojado en un camino de terracer\u00eda cerca de la v\u00eda federal.<\/p>\n\n\n\n<p>Hasta el momento se desconocen los motivos por los cuales fue ejecutado y presuntamente fue \u201clevantado\u201d desde anoche cerca de su domicilio, en la colonia Lorenza Santiago.<\/p>\n\n\n\n<p>Cerca del mediod\u00eda otro cuerpo con varios disparos de arma de fuego fue hallado en el paraje \u201cCasa Blanca\u201d del municipio de Santa Mar\u00eda Jalapa del Marqu\u00e9s.<\/p>\n\n\n\n<p>Se encontraba tambi\u00e9n maniatado y con una bolsa de color negro en la cabeza; seg\u00fan las primeras versiones, hasta el momento ha sido identificado con el seud\u00f3nimo de \u201cLa Betota\u201d.<\/p>\n\n\n\n<p>En ambos casos, la Fiscal\u00eda General del Estado de Oaxaca, a trav\u00e9s de la Vicefiscal\u00eda Regional del Istmo, inici\u00f3 las investigaciones correspondientes.<\/p>\n\n\n\n<p>Cabe precisar que durante ayer domingo, dos personas m\u00e1s fueron asesinadas a balazos en Juchit\u00e1n, en dos hechos distintos.<\/p>\n","protected":false},"excerpt":{"rendered":"<p>Raymundo Morales\/Zona Roja. Oaxaca de Ju\u00e1rez, Oax., a 14 de octubre de 2024.- Dos personas&hellip;<\/p>\n","protected":false},"author":2,"featured_media":73450,"comment_status":"closed","ping_status":"open","sticky":false,"template":"","format":"standard","meta":{"_lmt_disableupdate":"","_lmt_disable":"","_jetpack_memberships_contains_paid_content":false,"footnotes":""},"categories":[109,51],"tags":[297],"class_list":["post-73449","post","type-post","status-publish","format-standard","has-post-thumbnail","hentry","category-minuto-a-minuto","category-zona-roja","tag-ejecutado-juchitan"],"jetpack_featured_media_url":"https:\/\/zonaroja.com.mx\/wp-content\/uploads\/2024\/10\/Ejecutado-Juchitan.jpg","jetpack_sharing_enabled":true,"_links":{"self":[{"href":"https:\/\/zonaroja.com.mx\/index.php?rest_route=\/wp\/v2\/posts\/73449","targetHints":{"allow":["GET"]}}],"collection":[{"href":"https:\/\/zonaroja.com.mx\/index.php?rest_route=\/wp\/v2\/posts"}],"about":[{"href":"https:\/\/zonaroja.com.mx\/index.php?rest_route=\/wp\/v2\/types\/post"}],"author":[{"embeddable":true,"href":"https:\/\/zonaroja.com.mx\/index.php?rest_route=\/wp\/v2\/users\/2"}],"replies":[{"embeddable":true,"href":"https:\/\/zonaroja.com.mx\/index.php?rest_route=%2Fwp%2Fv2%2Fcomments&post=73449"}],"version-history":[{"count":1,"href":"https:\/\/zonaroja.com.mx\/index.php?rest_route=\/wp\/v2\/posts\/73449\/revisions"}],"predecessor-version":[{"id":73451,"href":"https:\/\/zonaroja.com.mx\/index.php?rest_route=\/wp\/v2\/posts\/73449\/revisions\/73451"}],"wp:featuredmedia":[{"embeddable":true,"href":"https:\/\/zonaroja.com.mx\/index.php?rest_route=\/wp\/v2\/media\/73450"}],"wp:attachment":[{"href":"https:\/\/zonaroja.com.mx\/index.php?rest_route=%2Fwp%2Fv2%2Fmedia&parent=73449"}],"wp:term":[{"taxonomy":"category","embeddable":true,"href":"https:\/\/zonaroja.com.mx\/index.php?rest_route=%2Fwp%2Fv2%2Fcategories&post=73449"},{"taxonomy":"post_tag","embeddable":true,"href":"https:\/\/zonaroja.com.mx\/index.php?rest_route=%2Fwp%2Fv2%2Ftags&post=73449"}],"curies":[{"name":"wp","href":"https:\/\/api.w.org\/{rel}","templated":true}]}}