{"id":73455,"date":"2024-10-15T08:23:00","date_gmt":"2024-10-15T14:23:00","guid":{"rendered":"https:\/\/zonaroja.com.mx\/?p=73455"},"modified":"2024-10-15T08:37:50","modified_gmt":"2024-10-15T14:37:50","slug":"define-fiscalia-lineas-de-investigacion-para-localizar-a-sandra-dominguez-y-pareja","status":"publish","type":"post","link":"https:\/\/zonaroja.com.mx\/?p=73455","title":{"rendered":"Define Fiscal\u00eda l\u00edneas de investigaci\u00f3n para localizar a Sandra Dom\u00ednguez y pareja"},"content":{"rendered":"\n<p>Raymundo Morales\/Zona Roja.&nbsp;<\/p>\n\n\n\n<p>Oaxaca de Ju\u00e1rez, Oax., a 15 de octubre de 2024.- La Fiscal\u00eda General del Estado de Oaxaca (FGEO) anunci\u00f3 que obtuvo resultados de las investigaciones en inteligencia criminal, los cuales son clave en el fortalecimiento de las l\u00edneas de investigaci\u00f3n por la no localizaci\u00f3n de Sandra Estefana Dom\u00ednguez Mart\u00ednez y Alexander Hern\u00e1ndez Hern\u00e1ndez.<\/p>\n\n\n\n<p>En un comunicado de prensa, informo que adem\u00e1s que se sostuvieron reuniones de seguimiento con familiares las v\u00edctimas para informar sobre los avances en los trabajos ministeriales as\u00ed como las labores de b\u00fasqueda y localizaci\u00f3n, como parte del acompa\u00f1amiento integral en torno al caso.<\/p>\n\n\n\n<p>Agreg\u00f3 que la atenci\u00f3n integral a las v\u00edctimas indirectas es parte de los protocolos de b\u00fasqueda y localizaci\u00f3n, por lo que las entrevistas con familiares y probables testigos contribuyen a robustecer las pruebas y establecer acciones de acompa\u00f1amiento que permitan evitar la revictimizaci\u00f3n y cualquier tipo de estigmatizaci\u00f3n de las v\u00edctimas directas, as\u00ed como de sus n\u00facleos familiares.<\/p>\n\n\n\n<p>\u201cLos protocolos de b\u00fasqueda que implementa la Fiscal\u00eda de Oaxaca establecen la necesidad de brindar acompa\u00f1amiento psicoemocional para dar cumplimiento al modelo integral de atenci\u00f3n a v\u00edctimas, adem\u00e1s que este acercamiento permite establecer sinergias de colaboraci\u00f3n, pues, es derecho de las familias permitir la participaci\u00f3n de organizaciones y asociaciones que puedan contribuir asistirlos como v\u00edctimas indirectas\u201d, indic\u00f3.&nbsp;<\/p>\n\n\n\n<p>Expuso que, durante la reuni\u00f3n, se inform\u00f3 a los familiares y acompa\u00f1antes sobre los avances en los trabajos ministeriales, as\u00ed como las acciones derivadas de la colaboraci\u00f3n institucional con la Fiscal\u00eda General del Estado de Veracruz, a partir del hallazgo del veh\u00edculo de las v\u00edctimas, el cual fue encontrado en Playa Vicente, perteneciente Veracruz.<\/p>\n\n\n\n<p>A lo que se suman los trabajos de inteligencia digital que revela actividad en los aparatos de telefon\u00eda celular de las v\u00edctimas en el estado de Veracruz.<\/p>\n\n\n\n<p>De acuerdo con la denuncia presentada ante la Fiscal\u00eda, el 8 de octubre de 2024, familiares de Sandra Estefana Dom\u00ednguez Mart\u00ednez informaron a la instituci\u00f3n que ambas personas fueron vistas por \u00faltima vez el 4 de octubre de 2024 en Mar\u00eda Lombardo en la regi\u00f3n de la Cuenca del Papaloapan, por ello, de forma inmediata iniciaron las labores de investigaci\u00f3n a trav\u00e9s de la Vicefiscal\u00eda General de Atenci\u00f3n a V\u00edctimas y la Sociedad.  <\/p>\n","protected":false},"excerpt":{"rendered":"<p>Raymundo Morales\/Zona Roja.&nbsp; Oaxaca de Ju\u00e1rez, Oax., a 15 de octubre de 2024.- La Fiscal\u00eda&hellip;<\/p>\n","protected":false},"author":2,"featured_media":73456,"comment_status":"closed","ping_status":"open","sticky":false,"template":"","format":"standard","meta":{"_lmt_disableupdate":"","_lmt_disable":"","_jetpack_memberships_contains_paid_content":false,"footnotes":""},"categories":[109,46],"tags":[494],"class_list":["post-73455","post","type-post","status-publish","format-standard","has-post-thumbnail","hentry","category-minuto-a-minuto","category-zona-blanca","tag-fiscalia-general-del-estado-de-oaxaca"],"jetpack_featured_media_url":"https:\/\/zonaroja.com.mx\/wp-content\/uploads\/2024\/10\/Familiares-de-Sandra-Dominguez.jpg","jetpack_sharing_enabled":true,"_links":{"self":[{"href":"https:\/\/zonaroja.com.mx\/index.php?rest_route=\/wp\/v2\/posts\/73455","targetHints":{"allow":["GET"]}}],"collection":[{"href":"https:\/\/zonaroja.com.mx\/index.php?rest_route=\/wp\/v2\/posts"}],"about":[{"href":"https:\/\/zonaroja.com.mx\/index.php?rest_route=\/wp\/v2\/types\/post"}],"author":[{"embeddable":true,"href":"https:\/\/zonaroja.com.mx\/index.php?rest_route=\/wp\/v2\/users\/2"}],"replies":[{"embeddable":true,"href":"https:\/\/zonaroja.com.mx\/index.php?rest_route=%2Fwp%2Fv2%2Fcomments&post=73455"}],"version-history":[{"count":2,"href":"https:\/\/zonaroja.com.mx\/index.php?rest_route=\/wp\/v2\/posts\/73455\/revisions"}],"predecessor-version":[{"id":73471,"href":"https:\/\/zonaroja.com.mx\/index.php?rest_route=\/wp\/v2\/posts\/73455\/revisions\/73471"}],"wp:featuredmedia":[{"embeddable":true,"href":"https:\/\/zonaroja.com.mx\/index.php?rest_route=\/wp\/v2\/media\/73456"}],"wp:attachment":[{"href":"https:\/\/zonaroja.com.mx\/index.php?rest_route=%2Fwp%2Fv2%2Fmedia&parent=73455"}],"wp:term":[{"taxonomy":"category","embeddable":true,"href":"https:\/\/zonaroja.com.mx\/index.php?rest_route=%2Fwp%2Fv2%2Fcategories&post=73455"},{"taxonomy":"post_tag","embeddable":true,"href":"https:\/\/zonaroja.com.mx\/index.php?rest_route=%2Fwp%2Fv2%2Ftags&post=73455"}],"curies":[{"name":"wp","href":"https:\/\/api.w.org\/{rel}","templated":true}]}}