{"id":73458,"date":"2024-10-15T09:31:00","date_gmt":"2024-10-15T15:31:00","guid":{"rendered":"https:\/\/zonaroja.com.mx\/?p=73458"},"modified":"2024-10-15T07:34:47","modified_gmt":"2024-10-15T13:34:47","slug":"propone-ministra-que-proxima-gubernatura-en-oaxaca-sea-para-mujer","status":"publish","type":"post","link":"https:\/\/zonaroja.com.mx\/?p=73458","title":{"rendered":"Propone ministra que pr\u00f3xima gubernatura en Oaxaca sea para mujer"},"content":{"rendered":"\n<p>Redacci\u00f3n\/Zona Roja Cdmx.<\/p>\n\n\n\n<p>Ciudad de M\u00e9xico, a 15 de octubre de 2024.- La ministra Margarita R\u00edos Farjat propuso al Pleno de la Suprema Corte de Justicia de la Naci\u00f3n (SCJN) exhortar al Congreso de Oaxaca para que emita medidas o recomendaciones para que la gubernatura de 2028 y 2030 pueda reservarse a mujeres.<\/p>\n\n\n\n<p>Indic\u00f3 que la reforma a la constituci\u00f3n local que ordena que la pr\u00f3xima gubernatura de 2028 sea encabezada por una mujer, para empatar la elecci\u00f3n estatal con la federal en 2030, genera una desigualdad.<\/p>\n\n\n\n<p>Se\u00f1al\u00f3 que a las mujeres no se les da el mismo trato que a los hombres, quienes pueden gobernar por seis a\u00f1os.<\/p>\n\n\n\n<p>La discusi\u00f3n deriv\u00f3 de la acci\u00f3n de inconstitucionalidad promovida por el Partido Acci\u00f3n Nacional (PAN) en la que tambi\u00e9n se impugn\u00f3 que no se consult\u00f3 a las comunidades ind\u00edgenas la reducci\u00f3n del periodo de la siguiente gubernatura.<\/p>\n\n\n\n<p>La ministra ponente coment\u00f3 que en el tema de la consulta no se afect\u00f3 a las comunidades ind\u00edgenas, por lo que propuso declarar la validez de la reforma.<\/p>\n\n\n\n<p>No obstante, al abordar el tema de la paridad que contempla la constituci\u00f3n local, para que el pr\u00f3ximo gobernante sea una mujer, la propuesta de exhortar al Congreso Local provoc\u00f3 que el asunto se atorara, ya que no forma parte del proyecto que present\u00f3.<\/p>\n\n\n\n<p>Adem\u00e1s, ministras y ministros se preguntaron c\u00f3mo era posible que en un asunto en el que una mayor\u00eda del Pleno est\u00e1 por declarar la validez de la reforma al art\u00edculo 25, fracci\u00f3n I de la base A, de la constituci\u00f3n de Oaxaca, haga un exhorto al Congreso. Y es que esto s\u00f3lo se hace cuando se declara inconstitucional una norma.<\/p>\n\n\n\n<p>La ministra reconoci\u00f3 que cada entidad federativa es libre de definir la periodicidad de sus elecciones y en este sentido puede hacer ajustes para generar la concurrencia en sus comicios con los federales.<\/p>\n\n\n\n<p>\u201cEn los \u00faltimos a\u00f1os, hemos atestiguado un avance sin precedentes en la participaci\u00f3n pol\u00edtica de las mujeres, traducido en que casi la mitad de las entidades federativas actualmente son gobernadas por mujeres, a lo que se suma la reciente elecci\u00f3n de la primera presidenta de nuestra Rep\u00fablica, pero a\u00fan tenemos estados como Oaxaca que nunca han sido gobernados por una mujer, y es en ese contexto que el partido promueve nos presenta una preocupaci\u00f3n\u201d.<\/p>\n\n\n\n<p>\u201cEsta reforma representa un riesgo de que la primera gobernadora de Oaxaca solamente dure dos a\u00f1os, en lugar del periodo ordinario de seis a\u00f1os en este encargo. Este planteamiento lo sustenta en la existencia de un mandato de alternancia de g\u00e9nero por periodo electivo, es decir, que como en este momento el gobernador es un hombre, en la siguiente elecci\u00f3n, pues le debe corresponderse a una mujer\u201d, explic\u00f3.<\/p>\n\n\n\n<p>La ministra insisti\u00f3 que una mujer puede resentir los efectos de esta reforma, porque en este momento un hombre gobierna Oaxaca, por lo que de instrumentarse la alternancia, s\u00f3lo tendr\u00eda un periodo de dos a\u00f1os para que en 2030 se elija de nuevo a un var\u00f3n que s\u00ed se desempe\u00f1ar\u00eda por un periodo completo de seis a\u00f1os.<\/p>\n\n\n\n<p>(Informaci\u00f3n de \u201cMilenio\u201d)<\/p>\n","protected":false},"excerpt":{"rendered":"<p>Redacci\u00f3n\/Zona Roja Cdmx. Ciudad de M\u00e9xico, a 15 de octubre de 2024.- La ministra Margarita&hellip;<\/p>\n","protected":false},"author":2,"featured_media":73459,"comment_status":"closed","ping_status":"open","sticky":false,"template":"","format":"standard","meta":{"_lmt_disableupdate":"","_lmt_disable":"","_jetpack_memberships_contains_paid_content":false,"footnotes":""},"categories":[109,46],"tags":[2878],"class_list":["post-73458","post","type-post","status-publish","format-standard","has-post-thumbnail","hentry","category-minuto-a-minuto","category-zona-blanca","tag-suprema-corte-de-justicia-de-la-nacion-scjn"],"jetpack_featured_media_url":"https:\/\/zonaroja.com.mx\/wp-content\/uploads\/2024\/10\/Palacio-de-Gobierno-de-Oaxaca.jpg","jetpack_sharing_enabled":true,"_links":{"self":[{"href":"https:\/\/zonaroja.com.mx\/index.php?rest_route=\/wp\/v2\/posts\/73458","targetHints":{"allow":["GET"]}}],"collection":[{"href":"https:\/\/zonaroja.com.mx\/index.php?rest_route=\/wp\/v2\/posts"}],"about":[{"href":"https:\/\/zonaroja.com.mx\/index.php?rest_route=\/wp\/v2\/types\/post"}],"author":[{"embeddable":true,"href":"https:\/\/zonaroja.com.mx\/index.php?rest_route=\/wp\/v2\/users\/2"}],"replies":[{"embeddable":true,"href":"https:\/\/zonaroja.com.mx\/index.php?rest_route=%2Fwp%2Fv2%2Fcomments&post=73458"}],"version-history":[{"count":1,"href":"https:\/\/zonaroja.com.mx\/index.php?rest_route=\/wp\/v2\/posts\/73458\/revisions"}],"predecessor-version":[{"id":73460,"href":"https:\/\/zonaroja.com.mx\/index.php?rest_route=\/wp\/v2\/posts\/73458\/revisions\/73460"}],"wp:featuredmedia":[{"embeddable":true,"href":"https:\/\/zonaroja.com.mx\/index.php?rest_route=\/wp\/v2\/media\/73459"}],"wp:attachment":[{"href":"https:\/\/zonaroja.com.mx\/index.php?rest_route=%2Fwp%2Fv2%2Fmedia&parent=73458"}],"wp:term":[{"taxonomy":"category","embeddable":true,"href":"https:\/\/zonaroja.com.mx\/index.php?rest_route=%2Fwp%2Fv2%2Fcategories&post=73458"},{"taxonomy":"post_tag","embeddable":true,"href":"https:\/\/zonaroja.com.mx\/index.php?rest_route=%2Fwp%2Fv2%2Ftags&post=73458"}],"curies":[{"name":"wp","href":"https:\/\/api.w.org\/{rel}","templated":true}]}}