{"id":73461,"date":"2024-10-15T10:30:00","date_gmt":"2024-10-15T16:30:00","guid":{"rendered":"https:\/\/zonaroja.com.mx\/?p=73461"},"modified":"2024-10-15T07:44:21","modified_gmt":"2024-10-15T13:44:21","slug":"preven-48-frentes-frios-y-7-tormentas-invernales-en-el-pais","status":"publish","type":"post","link":"https:\/\/zonaroja.com.mx\/?p=73461","title":{"rendered":"Prev\u00e9n 48 frentes fr\u00edos y 7 tormentas invernales en el pa\u00eds"},"content":{"rendered":"\n<p>Redacci\u00f3n\/Zona Roja.&nbsp;<\/p>\n\n\n\n<p>Oaxaca de Ju\u00e1rez, Oax., a 15 de octubre de 2024.- De acuerdo con la informaci\u00f3n emitida por el Servicio Meteorol\u00f3gico Nacional (SMN), se pronostica el arribo a M\u00e9xico de 48 frentes fr\u00edos, as\u00ed como el desarrollo de siete tormentas invernales en el periodo de septiembre de 2024 a mayo de 2025.<\/p>\n\n\n\n<p>Estos frentes fr\u00edos est\u00e1n distribuidos de la siguiente manera: septiembre 3, octubre 4, noviembre 6, diciembre 8, enero 8, febrero 7, marzo 6, abril 4, y mayo 2, siendo los meses de diciembre, enero y febrero de mayor actividad, inform\u00f3 la Coordinaci\u00f3n Estatal de Protecci\u00f3n Civil de Oaxaca.<\/p>\n\n\n\n<p>Abund\u00f3 que de estos 48 frentes fr\u00edos, 12 pueden tener efectos directos en el estado con descensos en las temperaturas, vientos del norte con rachas fuertes a intensas sobre el Istmo de Tehuantepec y heladas en 138 municipios.<\/p>\n\n\n\n<p>Por lo anterior, ya se trabaja en un programa preventivo para que la poblaci\u00f3n no se vea afectada por estos cambios bruscos de temperatura.<\/p>\n\n\n\n<p>CONCLUYE EMERGENCIA<\/p>\n\n\n\n<p>Por otra parte, el gobierno de Oaxaca, a trav\u00e9s de Protecci\u00f3n Civil, dio a conocer que despu\u00e9s de tres semanas de trabajos realizados por las afectaciones que dej\u00f3 en territorio oaxaque\u00f1o el hurac\u00e1n \u201cJohn\u201d, concluy\u00f3 la fase de la emergencia en los municipios afectados por este fen\u00f3meno meteorol\u00f3gico.<\/p>\n\n\n\n<p>Expuso que en coordinaci\u00f3n con el Gobierno Federal se llev\u00f3 a cabo el levantamiento de censos; a\u00f1adi\u00f3 que el trabajo de prevenci\u00f3n fue positivo y se brind\u00f3 auxilio a la poblaci\u00f3n en tiempo y forma.<\/p>\n\n\n\n<p>Asimismo, expuso que se inici\u00f3 con la fase de recuperaci\u00f3n de los municipios, en tanto se espera la respuesta de aprobaci\u00f3n de la Declaratoria de Desastre por parte de la Comisi\u00f3n Nacional del Agua (Conagua).<\/p>\n","protected":false},"excerpt":{"rendered":"<p>Redacci\u00f3n\/Zona Roja.&nbsp; Oaxaca de Ju\u00e1rez, Oax., a 15 de octubre de 2024.- De acuerdo con&hellip;<\/p>\n","protected":false},"author":2,"featured_media":73462,"comment_status":"closed","ping_status":"open","sticky":false,"template":"","format":"standard","meta":{"_lmt_disableupdate":"","_lmt_disable":"","_jetpack_memberships_contains_paid_content":false,"footnotes":""},"categories":[109,46],"tags":[3693],"class_list":["post-73461","post","type-post","status-publish","format-standard","has-post-thumbnail","hentry","category-minuto-a-minuto","category-zona-blanca","tag-frente-frio-oaxaca"],"jetpack_featured_media_url":"https:\/\/zonaroja.com.mx\/wp-content\/uploads\/2024\/10\/Frentes-frios-en-Oaxaca.jpeg","jetpack_sharing_enabled":true,"_links":{"self":[{"href":"https:\/\/zonaroja.com.mx\/index.php?rest_route=\/wp\/v2\/posts\/73461","targetHints":{"allow":["GET"]}}],"collection":[{"href":"https:\/\/zonaroja.com.mx\/index.php?rest_route=\/wp\/v2\/posts"}],"about":[{"href":"https:\/\/zonaroja.com.mx\/index.php?rest_route=\/wp\/v2\/types\/post"}],"author":[{"embeddable":true,"href":"https:\/\/zonaroja.com.mx\/index.php?rest_route=\/wp\/v2\/users\/2"}],"replies":[{"embeddable":true,"href":"https:\/\/zonaroja.com.mx\/index.php?rest_route=%2Fwp%2Fv2%2Fcomments&post=73461"}],"version-history":[{"count":1,"href":"https:\/\/zonaroja.com.mx\/index.php?rest_route=\/wp\/v2\/posts\/73461\/revisions"}],"predecessor-version":[{"id":73463,"href":"https:\/\/zonaroja.com.mx\/index.php?rest_route=\/wp\/v2\/posts\/73461\/revisions\/73463"}],"wp:featuredmedia":[{"embeddable":true,"href":"https:\/\/zonaroja.com.mx\/index.php?rest_route=\/wp\/v2\/media\/73462"}],"wp:attachment":[{"href":"https:\/\/zonaroja.com.mx\/index.php?rest_route=%2Fwp%2Fv2%2Fmedia&parent=73461"}],"wp:term":[{"taxonomy":"category","embeddable":true,"href":"https:\/\/zonaroja.com.mx\/index.php?rest_route=%2Fwp%2Fv2%2Fcategories&post=73461"},{"taxonomy":"post_tag","embeddable":true,"href":"https:\/\/zonaroja.com.mx\/index.php?rest_route=%2Fwp%2Fv2%2Ftags&post=73461"}],"curies":[{"name":"wp","href":"https:\/\/api.w.org\/{rel}","templated":true}]}}