{"id":73467,"date":"2024-10-15T13:30:00","date_gmt":"2024-10-15T19:30:00","guid":{"rendered":"https:\/\/zonaroja.com.mx\/?p=73467"},"modified":"2024-10-15T16:32:20","modified_gmt":"2024-10-15T22:32:20","slug":"opinion-y-sandra-dominguez-no-aparece","status":"publish","type":"post","link":"https:\/\/zonaroja.com.mx\/?p=73467","title":{"rendered":"Opini\u00f3n. Y Sandra Dom\u00ednguez no aparece"},"content":{"rendered":"\n<p>Isidoro Yescas*<\/p>\n\n\n\n<p>Ya transcurri\u00f3 m\u00e1s de una semana desde que familiares y organizaciones defensoras de los derechos humanos denunciaron ante las autoridades locales y federales la desaparici\u00f3n forzada&nbsp;de&nbsp;la abogada mixe Sandra Dom\u00ednguez Mart\u00ednez y de su esposo, Alexander Hern\u00e1ndez&nbsp;Hern\u00e1ndez.<\/p>\n\n\n\n<p>Y mientras m\u00e1s tiempo transcurra&nbsp;sin tener noticias del&nbsp;paradero&nbsp;de&nbsp;ambos&nbsp;se incrementa el riesgo de un desenlace fatal&nbsp;del caso,&nbsp;&nbsp;si se toma&nbsp;en cuenta&nbsp;la trayectoria&nbsp;de&nbsp;Dom\u00ednguez Mart\u00ednez&nbsp;en favor de las causas de&nbsp;mujeres violentadas&nbsp;y las&nbsp;molestias&nbsp;y&nbsp;reacciones encontradas que&nbsp;provocaran&nbsp;sus denuncias p\u00fablicas,&nbsp;y la propia pasividad mostrada inicialmente&nbsp;por las autoridades locales para instrumentar los protocolos establecidos en la ley para su localizaci\u00f3n.<\/p>\n\n\n\n<p>No es gratuito que&nbsp;entre&nbsp;una&nbsp;amplio sector de organismos defensores de derechos humanos a nivel estatal, nacional e internacional&nbsp;exista una profunda preocupaci\u00f3n&nbsp;sobre la suerte que pudiera correr Sandra Dom\u00ednguez y su esposo&nbsp;habida cuenta del alto n\u00famero de desapariciones registradas&nbsp;a nivel nacional&nbsp;(m\u00e1s de 50 mil, de acuerdo al Registro Nacional de Personas Desaparecidas y No Localizadas)&nbsp;y el bajo n\u00famero de&nbsp;localizados.&nbsp;<\/p>\n\n\n\n<p>Solamente en Oaxaca, y&nbsp;de&nbsp;acuerdo&nbsp;a la Red Lupa, en lo que va del sexenio del morenista Salom\u00f3n Jara la cifra de desaparecidos(as)pas\u00f3 de 418&nbsp;en el 2022&nbsp;a 730 personas&nbsp;para este a\u00f1o.<\/p>\n\n\n\n<p>Que si fue el crimen organizado o cualquier otro grupo delincuencial, lo cierto es que en nada ha contribuido a generar confianza y credibilidad en las autoridades locales la postura que inicialmente asumiera el gobierno del estado al no atender el reclamo de&nbsp;una b\u00fasqueda inmediata de Sandra Dom\u00ednguez y su esposo y, todav\u00eda, insistir en la inocencia del se\u00f1or Donato Vargas Jim\u00e9nez,&nbsp;caciquillo mixe,&nbsp;militante de Morena &nbsp;y&nbsp;hoy flamante coordinador de&nbsp;Delegados de la Paz en la entidad,&nbsp;respecto a las acusaciones&nbsp;sobre acoso sexual digital y&nbsp;violencia de g\u00e9nero&nbsp;que&nbsp;desde el&nbsp;2020 hiciera sobre su persona la&nbsp;activista&nbsp;ahora&nbsp;desaparecida&nbsp;y una decena de organizaciones feministas.<\/p>\n\n\n\n<p>Tan impune permaneci\u00f3 Vargas Jim\u00e9nez desde esa fecha, que&nbsp;no solamente se le design\u00f3 en el 2022 como responsable de coordinar a los modernos jefes pol\u00edticos del gobierno&nbsp;jarista&nbsp;sino que, ya en el contexto de la desaparici\u00f3n de la abogada&nbsp;mixe, cuatroa\u00f1os despu\u00e9s, y con &nbsp;todo el peso del Poder Ejecutivo por delante,&nbsp;Donato&nbsp;\u201crompi\u00f3\u201d su largo silencio para&nbsp;desde una ma\u00f1anera del Palacio Primaveral&nbsp;dar su versi\u00f3n de los hechos en donde estuvo involucrado, pero en t\u00e9rminos tan lamentables&nbsp;que&nbsp;redujo&nbsp;todos los se\u00f1alamientos en su contra a un asunto de &nbsp;mera \u201cgrilla pol\u00edtica\u201d.&nbsp;<\/p>\n\n\n\n<p>Que ahora el caso ya hubiese ameritado la intervenci\u00f3n del Alto Comisionado de la ONU en Derechos Humanos, o que&nbsp;p\u00fablicamente ya se demande la intervenci\u00f3n de la Presidenta de la Rep\u00fablica, Claudia Sheinbaum, es un claro s\u00edntoma que en el \u00e1mbito estrictamente&nbsp;local&nbsp;los&nbsp;trabajos de b\u00fasqueda no avanzan a la velocidad que las circunstancias lo exigen.&nbsp;<\/p>\n\n\n\n<p>Solo como antecedente, habr\u00eda que mencionar que durante el sexenio del exgobernador&nbsp;pri\u00edsta&nbsp;&nbsp;Alejandro Murat ( hoy, simplemente el camarada Alejandro) otro caso que puso en entredicho la vigencia del estado de Derecho en el estado de Oaxaca fue la desaparici\u00f3n forzada &nbsp;de la activista Claudia Uruchurtu&nbsp;(2021)&nbsp;que hasta la fecha permanece como&nbsp;localizada.&nbsp;<\/p>\n\n\n\n<p>Lo que menos se espera ahora es que esta historia&nbsp;de impunidad y olvido&nbsp;se repita con Sandra Dom\u00ednguez Mart\u00ednez &nbsp;y Alex Hern\u00e1ndez&nbsp;Hern\u00e1ndez.<\/p>\n\n\n\n<p>*Maestro en sociologia.<\/p>\n\n\n\n<p>X: @YescasIsidoro<\/p>\n","protected":false},"excerpt":{"rendered":"<p>Isidoro Yescas* Ya transcurri\u00f3 m\u00e1s de una semana desde que familiares y organizaciones defensoras de&hellip;<\/p>\n","protected":false},"author":2,"featured_media":71623,"comment_status":"closed","ping_status":"open","sticky":false,"template":"","format":"standard","meta":{"_lmt_disableupdate":"","_lmt_disable":"","_jetpack_memberships_contains_paid_content":false,"footnotes":""},"categories":[456,109],"tags":[3998],"class_list":["post-73467","post","type-post","status-publish","format-standard","has-post-thumbnail","hentry","category-columna","category-minuto-a-minuto","tag-isidoro-yescas-martinez"],"jetpack_featured_media_url":"https:\/\/zonaroja.com.mx\/wp-content\/uploads\/2024\/08\/Opinion.-Isidoro-Yescas.jpg","jetpack_sharing_enabled":true,"_links":{"self":[{"href":"https:\/\/zonaroja.com.mx\/index.php?rest_route=\/wp\/v2\/posts\/73467","targetHints":{"allow":["GET"]}}],"collection":[{"href":"https:\/\/zonaroja.com.mx\/index.php?rest_route=\/wp\/v2\/posts"}],"about":[{"href":"https:\/\/zonaroja.com.mx\/index.php?rest_route=\/wp\/v2\/types\/post"}],"author":[{"embeddable":true,"href":"https:\/\/zonaroja.com.mx\/index.php?rest_route=\/wp\/v2\/users\/2"}],"replies":[{"embeddable":true,"href":"https:\/\/zonaroja.com.mx\/index.php?rest_route=%2Fwp%2Fv2%2Fcomments&post=73467"}],"version-history":[{"count":1,"href":"https:\/\/zonaroja.com.mx\/index.php?rest_route=\/wp\/v2\/posts\/73467\/revisions"}],"predecessor-version":[{"id":73468,"href":"https:\/\/zonaroja.com.mx\/index.php?rest_route=\/wp\/v2\/posts\/73467\/revisions\/73468"}],"wp:featuredmedia":[{"embeddable":true,"href":"https:\/\/zonaroja.com.mx\/index.php?rest_route=\/wp\/v2\/media\/71623"}],"wp:attachment":[{"href":"https:\/\/zonaroja.com.mx\/index.php?rest_route=%2Fwp%2Fv2%2Fmedia&parent=73467"}],"wp:term":[{"taxonomy":"category","embeddable":true,"href":"https:\/\/zonaroja.com.mx\/index.php?rest_route=%2Fwp%2Fv2%2Fcategories&post=73467"},{"taxonomy":"post_tag","embeddable":true,"href":"https:\/\/zonaroja.com.mx\/index.php?rest_route=%2Fwp%2Fv2%2Ftags&post=73467"}],"curies":[{"name":"wp","href":"https:\/\/api.w.org\/{rel}","templated":true}]}}