{"id":73475,"date":"2024-10-15T18:29:50","date_gmt":"2024-10-16T00:29:50","guid":{"rendered":"https:\/\/zonaroja.com.mx\/?p=73475"},"modified":"2024-10-15T18:29:51","modified_gmt":"2024-10-16T00:29:51","slug":"comite-de-onu-contra-desaparicion-forzada-emite-accion-urgente-por-caso-de-sandra","status":"publish","type":"post","link":"https:\/\/zonaroja.com.mx\/?p=73475","title":{"rendered":"Comit\u00e9 de ONU contra Desaparici\u00f3n Forzada emite acci\u00f3n urgente por caso de Sandra"},"content":{"rendered":"\n<p>Ismael Garc\u00eda M.\/Zona Roja.<\/p>\n\n\n\n<p>Oaxaca de Ju\u00e1rez, Oax., a 15 de octubre de 2024.- El Comit\u00e9 contra la Desaparici\u00f3n Forzada de la Organizaci\u00f3n de las Naciones Unidas (ONU) emplaz\u00f3 al Estado mexicano a agilizar la b\u00fasqueda de la activista Sandra Est\u00e9fana Dom\u00ednguez y su pareja Alexander Hern\u00e1ndez.<\/p>\n\n\n\n<p>A trav\u00e9s de una comunicaci\u00f3n emitida a los familiares de las dos personas vistas por \u00faltima vez el pasado 4 de octubre, dio a conocer que recibi\u00f3 la solicitud de intervenci\u00f3n, que qued\u00f3 registra bajo los folios AU\/1908\/2024 y AU\/1909\/2024.<\/p>\n\n\n\n<p>\u201cUna vez que el Comit\u00e9 reciba la respuesta del Estado parte, se la enviaremos, d\u00e1ndoles un plazo para que puedan aportar sus comentarios y cualquier informaci\u00f3n que quiera transmitir al Comit\u00e9\u201d, refiere el documento, fechado este 15 de octubre.<\/p>\n\n\n\n<p>Entre otras acciones, la ONU pide al Estado mexicano establecer de forma urgente una estrategia integral que incluya un plan de acci\u00f3n y un cronograma para la b\u00fasqueda inmediata de lSandra Est\u00e9fana Dom\u00ednguez Mart\u00ednez y Alexander Hern\u00e1ndez Hern\u00e1ndez.<\/p>\n\n\n\n<p>Una investigaci\u00f3n exhaustiva imparcial de sus alegadas desapariciones, que tome en cuenta toda la informaci\u00f3n disponible incluido el contexto de ocurrencia de los hechos.<\/p>\n\n\n\n<p>Asegurar que dicha estrategia cumpla con los requisitos de la debida diligencia con cada una de las etapas del proceso de b\u00fasqueda; garantizar la competencia e independencia de los profesionales.<\/p>\n\n\n\n<p>Tambi\u00e9n, asegurar que la estrategia adoptada explore todas las hip\u00f3tesis investigativas existentes en el caso, incluso la posibilidad de que los hechos en referencia constituyan una desaparici\u00f3n forzada debido al alegado.<\/p>\n\n\n\n<p>Recomienda adem\u00e1s al Estado considerar que la labor de la se\u00f1ora Mart\u00ednez como abogada defensora de derechos humanos sea tomada en cuenta en cada una de las etapas de los procesos de b\u00fasqueda, en particular los elementos relacionados con las denuncias que ella present\u00f3.<\/p>\n\n\n\n<p>Asimismo, investigar las alegaciones en virtud de las cuales la Sra. Sandra Est\u00e9fana Dom\u00ednguez Mart\u00ednez ha sido v\u00edctima de amenazas a lo largo de los pasados a\u00f1os, directamente relacionadas con su labor de abogada y defensora de derechos humanos.<\/p>\n","protected":false},"excerpt":{"rendered":"<p>Ismael Garc\u00eda M.\/Zona Roja. Oaxaca de Ju\u00e1rez, Oax., a 15 de octubre de 2024.- El&hellip;<\/p>\n","protected":false},"author":2,"featured_media":73476,"comment_status":"closed","ping_status":"open","sticky":false,"template":"","format":"standard","meta":{"_lmt_disableupdate":"","_lmt_disable":"","_jetpack_memberships_contains_paid_content":false,"footnotes":""},"categories":[109,47],"tags":[4086],"class_list":["post-73475","post","type-post","status-publish","format-standard","has-post-thumbnail","hentry","category-minuto-a-minuto","category-zona-gris","tag-sandra-dominguez"],"jetpack_featured_media_url":"https:\/\/zonaroja.com.mx\/wp-content\/uploads\/2024\/10\/Comite-ONU-caso-Sandra-Dominguez.jpg","jetpack_sharing_enabled":true,"_links":{"self":[{"href":"https:\/\/zonaroja.com.mx\/index.php?rest_route=\/wp\/v2\/posts\/73475","targetHints":{"allow":["GET"]}}],"collection":[{"href":"https:\/\/zonaroja.com.mx\/index.php?rest_route=\/wp\/v2\/posts"}],"about":[{"href":"https:\/\/zonaroja.com.mx\/index.php?rest_route=\/wp\/v2\/types\/post"}],"author":[{"embeddable":true,"href":"https:\/\/zonaroja.com.mx\/index.php?rest_route=\/wp\/v2\/users\/2"}],"replies":[{"embeddable":true,"href":"https:\/\/zonaroja.com.mx\/index.php?rest_route=%2Fwp%2Fv2%2Fcomments&post=73475"}],"version-history":[{"count":1,"href":"https:\/\/zonaroja.com.mx\/index.php?rest_route=\/wp\/v2\/posts\/73475\/revisions"}],"predecessor-version":[{"id":73477,"href":"https:\/\/zonaroja.com.mx\/index.php?rest_route=\/wp\/v2\/posts\/73475\/revisions\/73477"}],"wp:featuredmedia":[{"embeddable":true,"href":"https:\/\/zonaroja.com.mx\/index.php?rest_route=\/wp\/v2\/media\/73476"}],"wp:attachment":[{"href":"https:\/\/zonaroja.com.mx\/index.php?rest_route=%2Fwp%2Fv2%2Fmedia&parent=73475"}],"wp:term":[{"taxonomy":"category","embeddable":true,"href":"https:\/\/zonaroja.com.mx\/index.php?rest_route=%2Fwp%2Fv2%2Fcategories&post=73475"},{"taxonomy":"post_tag","embeddable":true,"href":"https:\/\/zonaroja.com.mx\/index.php?rest_route=%2Fwp%2Fv2%2Ftags&post=73475"}],"curies":[{"name":"wp","href":"https:\/\/api.w.org\/{rel}","templated":true}]}}