{"id":73478,"date":"2024-10-15T19:34:25","date_gmt":"2024-10-16T01:34:25","guid":{"rendered":"https:\/\/zonaroja.com.mx\/?p=73478"},"modified":"2024-10-15T19:34:26","modified_gmt":"2024-10-16T01:34:26","slug":"avala-congreso-de-oaxaca-minuta-de-reforma-constitucional-en-materia-de-salarios","status":"publish","type":"post","link":"https:\/\/zonaroja.com.mx\/?p=73478","title":{"rendered":"Avala Congreso de Oaxaca minuta de reforma constitucional en materia de salarios"},"content":{"rendered":"\n<p>Redacci\u00f3n\/Zona Roja.<\/p>\n\n\n\n<p>Oaxaca de Ju\u00e1rez, Oax., a 15 de octubre de 2024.- Con 33 votos a favor, el Congreso de Oaxaca aprob\u00f3, en lo general y en lo particular, la minuta sobre la reforma al art\u00edculo 123 de la Constituci\u00f3n Pol\u00edtica de los Estados Unidos Mexicanos, en materia de salarios, avalada por el Congreso de la Uni\u00f3n.<\/p>\n\n\n\n<p>Con la reforma, se modifica el primer p\u00e1rrafo de la fracci\u00f3n VI del apartado A y se agrega un tercer p\u00e1rrafo a la fracci\u00f3n IV del apartado B del art\u00edculo 123 constitucional, en los cuales se establece que la fijaci\u00f3n anual de los salarios m\u00ednimos generales o profesionales, o la revisi\u00f3n de los mismos, nunca estar\u00e1 por debajo de la inflaci\u00f3n observada durante el periodo de su vigencia.<\/p>\n\n\n\n<p>Asimismo, el salario m\u00ednimo no podr\u00e1 ser utilizado como \u00edndice, unidad, base, medida o referencia para fines ajenos a su naturaleza.<\/p>\n\n\n\n<p>Los salarios ser\u00e1n fijados en los presupuestos respectivos sin que su cuant\u00eda pueda ser disminuida durante la vigencia de \u00e9stos, sujet\u00e1ndose a lo dispuesto en el art\u00edculo 127 de la Constituci\u00f3n de M\u00e9xico.<\/p>\n\n\n\n<p>\u201cEn ning\u00fan caso los salarios podr\u00e1n ser inferiores al m\u00ednimo para los trabajadores en general en las entidades federativas. Las maestras y los maestros de nivel b\u00e1sico de tiempo completo, polic\u00edas, guardias nacionales, integrantes de la Fuerza Armada permanente, as\u00ed como m\u00e9dicos y enfermeros, percibir\u00e1n un salario mensual que no podr\u00e1 ser inferior al salario promedio registrado ante el Instituto Mexicano del Seguro Social\u201d, refiere el tercer p\u00e1rrafo de la fracci\u00f3n IV del Apartado B.<\/p>\n\n\n\n<p>El salario al que se refiere dicho apartado es de 16 mil 777 pesos con 68 centavos, que equivale al salario mensual promedio registrado en 2023 en el Instituto Mexicano del Seguro Social actualizado por la inflaci\u00f3n estimada para el a\u00f1o 2024, establece el transitorio segundo de la minuta aprobada.<\/p>\n\n\n\n<p>Durante la sesi\u00f3n extraordinaria en la que se aprob\u00f3 esta reforma, congresistas de los Grupos Parlamentarios de Morena, del Partido Verde Ecologista de M\u00e9xico, del Partido de la Revoluci\u00f3n Democr\u00e1tica y del Partido del Trabajo se posicionaron a favor y destacaron que esto representa un acto de justicia social.<\/p>\n","protected":false},"excerpt":{"rendered":"<p>Redacci\u00f3n\/Zona Roja. Oaxaca de Ju\u00e1rez, Oax., a 15 de octubre de 2024.- Con 33 votos&hellip;<\/p>\n","protected":false},"author":2,"featured_media":73479,"comment_status":"closed","ping_status":"open","sticky":false,"template":"","format":"standard","meta":{"_lmt_disableupdate":"","_lmt_disable":"","_jetpack_memberships_contains_paid_content":false,"footnotes":""},"categories":[109,46],"tags":[2743],"class_list":["post-73478","post","type-post","status-publish","format-standard","has-post-thumbnail","hentry","category-minuto-a-minuto","category-zona-blanca","tag-65-legislatura-del-estado-de-oaxaca"],"jetpack_featured_media_url":"https:\/\/zonaroja.com.mx\/wp-content\/uploads\/2024\/10\/Avala-Congreso-de-Oaxaca-la-reforma-constitucional-en-materia-de-salarios_2.jpeg","jetpack_sharing_enabled":true,"_links":{"self":[{"href":"https:\/\/zonaroja.com.mx\/index.php?rest_route=\/wp\/v2\/posts\/73478","targetHints":{"allow":["GET"]}}],"collection":[{"href":"https:\/\/zonaroja.com.mx\/index.php?rest_route=\/wp\/v2\/posts"}],"about":[{"href":"https:\/\/zonaroja.com.mx\/index.php?rest_route=\/wp\/v2\/types\/post"}],"author":[{"embeddable":true,"href":"https:\/\/zonaroja.com.mx\/index.php?rest_route=\/wp\/v2\/users\/2"}],"replies":[{"embeddable":true,"href":"https:\/\/zonaroja.com.mx\/index.php?rest_route=%2Fwp%2Fv2%2Fcomments&post=73478"}],"version-history":[{"count":1,"href":"https:\/\/zonaroja.com.mx\/index.php?rest_route=\/wp\/v2\/posts\/73478\/revisions"}],"predecessor-version":[{"id":73480,"href":"https:\/\/zonaroja.com.mx\/index.php?rest_route=\/wp\/v2\/posts\/73478\/revisions\/73480"}],"wp:featuredmedia":[{"embeddable":true,"href":"https:\/\/zonaroja.com.mx\/index.php?rest_route=\/wp\/v2\/media\/73479"}],"wp:attachment":[{"href":"https:\/\/zonaroja.com.mx\/index.php?rest_route=%2Fwp%2Fv2%2Fmedia&parent=73478"}],"wp:term":[{"taxonomy":"category","embeddable":true,"href":"https:\/\/zonaroja.com.mx\/index.php?rest_route=%2Fwp%2Fv2%2Fcategories&post=73478"},{"taxonomy":"post_tag","embeddable":true,"href":"https:\/\/zonaroja.com.mx\/index.php?rest_route=%2Fwp%2Fv2%2Ftags&post=73478"}],"curies":[{"name":"wp","href":"https:\/\/api.w.org\/{rel}","templated":true}]}}