{"id":73483,"date":"2024-10-15T22:14:24","date_gmt":"2024-10-16T04:14:24","guid":{"rendered":"https:\/\/zonaroja.com.mx\/?p=73483"},"modified":"2024-10-15T22:14:26","modified_gmt":"2024-10-16T04:14:26","slug":"amplia-fiscalia-busqueda-de-sandra-en-valles-centrales-ademas-de-cuenca-y-veracruz","status":"publish","type":"post","link":"https:\/\/zonaroja.com.mx\/?p=73483","title":{"rendered":"Ampl\u00eda Fiscal\u00eda b\u00fasqueda de Sandra en Valles Centrales, adem\u00e1s de Cuenca y Veracruz"},"content":{"rendered":"\n<p>Redacci\u00f3n\/Zona Roja.&nbsp;<\/p>\n\n\n\n<p>Oaxaca de Ju\u00e1rez, Oax., a 15 de octubre de 2024.- La Fiscal\u00eda General del Estado de Oaxaca (FGEO) intensifica y fortalece los trabajos de b\u00fasqueda y localizaci\u00f3n de Sandra Estefana Mart\u00ednez y Alexander Mart\u00ednez Mart\u00ednez, a trav\u00e9s de operativos simult\u00e1neos en la regi\u00f3n de la Cuenca y Valles Centrales, adem\u00e1s de colaborar con los trabajos ministeriales que encabeza la Fiscal\u00eda General del Estado de Veracruz en dicha entidad.<\/p>\n\n\n\n<p>La FGEO ejecut\u00f3 operativos de intervenci\u00f3n y cateos en al menos seis puntos de inter\u00e9s en la jurisdicci\u00f3n de Santa Cruz Xoxocotl\u00e1n y otros municipios de los Valles Centrales, mientras que en la zona de Mar\u00eda Lombardo, en la Cuenca, efectu\u00f3 trabajos periciales en espacios esenciales para fortalecer el an\u00e1lisis contextual de las v\u00edctimas en los obtuvo indicios que permitir\u00e1n delinear con mayor precisi\u00f3n las acciones de b\u00fasqueda y localizaci\u00f3n, as\u00ed como orientar las l\u00edneas de investigaci\u00f3n para dar con el paradero de las v\u00edctimas.<\/p>\n\n\n\n<p>Adem\u00e1s, inform\u00f3 que derivado de la solicitud hecha a la Fiscal\u00eda General del Estado de Veracruz para apoyar en las diligencias que realizan para la b\u00fasqueda y localizaci\u00f3n de las v\u00edctimas, se le permiti\u00f3 a la FGEO coadyuvar con personal en las acciones que implementan en la ruta Nuevo San Mart\u00edn y Soyaltepec, en territorio de Veracruz, operativos en los que hubo participaci\u00f3n de elementos de la Guardia Nacional y Secretar\u00eda de la Defensa Nacional.<\/p>\n\n\n\n<p>El despliegue operativo realizado en la regi\u00f3n de Valles Centrales y en la Cuenca del Papaloapan derivan de trabajos de inteligencia criminal que se realizan como parte de las investigaciones ministeriales en torno a este caso, pues se aplica un enfoque diferenciado al proceso de b\u00fasqueda y localizaci\u00f3n dentro del cual se consideran las particularidades de las v\u00edctimas y su contexto para detectar riesgos y vulnerabilidades dentro de su entorno.<\/p>\n\n\n\n<p>La Fiscal\u00eda de Oaxaca reiter\u00f3 que indaga todas las l\u00edneas de investigaci\u00f3n, por ello despliega un equipo integral y multidisciplinario integrado por elementos de la Agencia Estatal de Investigaciones, personal de la Unidad de B\u00fasqueda de Personas No Localizadas, as\u00ed como de la Unidad Especializada en Combate al Secuestro, tambi\u00e9n participan elementos de instituciones federales y la Secretar\u00eda de Seguridad y Protecci\u00f3n Ciudadana de Oaxaca, as\u00ed como la Comisi\u00f3n Estatal de B\u00fasqueda de Personas Desaparecidas para el Estado de Oaxaca.<\/p>\n\n\n\n<p>Las labores ministeriales con enfoque de g\u00e9nero hacen posible dar atenci\u00f3n integral, mientras que, la colaboraci\u00f3n interinstitucional permite potenciar el alcance de las acciones a trav\u00e9s de un despliegue de m\u00e1s n\u00fameros de personal.<\/p>\n\n\n\n<p>LOS HECHOS<\/p>\n\n\n\n<p>El 8 de octubre de 2024, la familia de Sandra Estefana Dom\u00ednguez Mart\u00ednez puso la denuncia penal por la No Localizaci\u00f3n de ella y su esposo Alexander Mart\u00ednez Mart\u00ednez, informaron que ambas personas fueron vistas por \u00faltima vez el 4 de octubre en Mar\u00eda Lombardo de Caso, San Juan Cotzoc\u00f3n, en la regi\u00f3n de la Cuenca, debido a esto se iniciaron en forma inmediata las labores de investigaci\u00f3n a trav\u00e9s de la Vicefiscal\u00eda General de Atenci\u00f3n a V\u00edctimas y a la Sociedad.<\/p>\n\n\n\n<p>La Fiscal\u00eda General del Estado de Oaxaca reitera que en este caso activ\u00f3 de manera inmediata los protocolos de b\u00fasqueda y localizaci\u00f3n, adem\u00e1s intensifica las labores que se han intensificado en los \u00faltimos d\u00edas, pues la instituci\u00f3n est\u00e1 comprometida con dar con el paradero de las v\u00edctimas, por lo que se integra a los actos de investigaci\u00f3n estas acciones para fortalecer la teor\u00eda del caso.<\/p>\n","protected":false},"excerpt":{"rendered":"<p>Redacci\u00f3n\/Zona Roja.&nbsp; Oaxaca de Ju\u00e1rez, Oax., a 15 de octubre de 2024.- La Fiscal\u00eda General&hellip;<\/p>\n","protected":false},"author":2,"featured_media":73484,"comment_status":"closed","ping_status":"open","sticky":false,"template":"","format":"standard","meta":{"_lmt_disableupdate":"","_lmt_disable":"","_jetpack_memberships_contains_paid_content":false,"footnotes":""},"categories":[109,46],"tags":[494],"class_list":["post-73483","post","type-post","status-publish","format-standard","has-post-thumbnail","hentry","category-minuto-a-minuto","category-zona-blanca","tag-fiscalia-general-del-estado-de-oaxaca"],"jetpack_featured_media_url":"https:\/\/zonaroja.com.mx\/wp-content\/uploads\/2024\/10\/Busqueda-Fiscalia-Sandra-Dominguez.jpeg","jetpack_sharing_enabled":true,"_links":{"self":[{"href":"https:\/\/zonaroja.com.mx\/index.php?rest_route=\/wp\/v2\/posts\/73483","targetHints":{"allow":["GET"]}}],"collection":[{"href":"https:\/\/zonaroja.com.mx\/index.php?rest_route=\/wp\/v2\/posts"}],"about":[{"href":"https:\/\/zonaroja.com.mx\/index.php?rest_route=\/wp\/v2\/types\/post"}],"author":[{"embeddable":true,"href":"https:\/\/zonaroja.com.mx\/index.php?rest_route=\/wp\/v2\/users\/2"}],"replies":[{"embeddable":true,"href":"https:\/\/zonaroja.com.mx\/index.php?rest_route=%2Fwp%2Fv2%2Fcomments&post=73483"}],"version-history":[{"count":1,"href":"https:\/\/zonaroja.com.mx\/index.php?rest_route=\/wp\/v2\/posts\/73483\/revisions"}],"predecessor-version":[{"id":73485,"href":"https:\/\/zonaroja.com.mx\/index.php?rest_route=\/wp\/v2\/posts\/73483\/revisions\/73485"}],"wp:featuredmedia":[{"embeddable":true,"href":"https:\/\/zonaroja.com.mx\/index.php?rest_route=\/wp\/v2\/media\/73484"}],"wp:attachment":[{"href":"https:\/\/zonaroja.com.mx\/index.php?rest_route=%2Fwp%2Fv2%2Fmedia&parent=73483"}],"wp:term":[{"taxonomy":"category","embeddable":true,"href":"https:\/\/zonaroja.com.mx\/index.php?rest_route=%2Fwp%2Fv2%2Fcategories&post=73483"},{"taxonomy":"post_tag","embeddable":true,"href":"https:\/\/zonaroja.com.mx\/index.php?rest_route=%2Fwp%2Fv2%2Ftags&post=73483"}],"curies":[{"name":"wp","href":"https:\/\/api.w.org\/{rel}","templated":true}]}}