{"id":73486,"date":"2024-10-15T22:26:28","date_gmt":"2024-10-16T04:26:28","guid":{"rendered":"https:\/\/zonaroja.com.mx\/?p=73486"},"modified":"2024-10-15T22:26:30","modified_gmt":"2024-10-16T04:26:30","slug":"hallan-cuerpos-humanos-en-ixtlahuaca-oaxaca-otro-ejecutado-en-el-istmo","status":"publish","type":"post","link":"https:\/\/zonaroja.com.mx\/?p=73486","title":{"rendered":"Hallan cuerpos humanos en Ixtlahuaca, Oaxaca; otro ejecutado en el Istmo"},"content":{"rendered":"\n<p>Raymundo Morales\/Zona Roja.<\/p>\n\n\n\n<p>Oaxaca de Ju\u00e1rez, Oax., a 15 de octubre de 2024.- Al menos dos cuerpos descuartizados y con mensajes supuestamente del crimen organizado fueron hallados esta noche en la regi\u00f3n Valles Centrales de Oaxaca.<\/p>\n\n\n\n<p>De acuerdo con los primeros reportes policiacos, el hallazgo ocurri\u00f3 en jurisdicci\u00f3n del municipio de San Pedro Ixtlahuaca, en la colindancia con la agencia de San Antonio Arrazola, Santa Cruz Xoxocotl\u00e1n.<\/p>\n\n\n\n<p>Los restos de las v\u00edctimas se localizaron en bolsas de pl\u00e1stico y a un costado se encontraban cartulinas con mensajes presuntamente de un grupo criminal; personal de la Fiscal\u00eda General del Estado de Oaxaca inici\u00f3 las primeras indagatorias pero hasta el momento no hay m\u00e1s detalles.<\/p>\n\n\n\n<p>Por otra parte, este martes se confirm\u00f3 el asesinato de otra persona en la regi\u00f3n del Istmo de Tehuantepec.<\/p>\n\n\n\n<p>Ocurri\u00f3 en el municipio de Santo Domingo Petapa, donde campesinos localizaron un cuerpo con huellas de violencia e impactos de arma de fuego.<\/p>\n\n\n\n<p>De manera preliminar, las autoridades ministeriales lo identificaron como Quelin E. E., originario de Petapa.<\/p>\n\n\n\n<p>Personal de la Vicefiscal\u00eda Regional del Istmo realiz\u00f3 el levantamiento correspondiente y hasta el momento no se ha revelado qui\u00e9n o qui\u00e9nes lo habr\u00edan privado de la vida, durante la madrugada del lunes.<\/p>\n","protected":false},"excerpt":{"rendered":"<p>Raymundo Morales\/Zona Roja. Oaxaca de Ju\u00e1rez, Oax., a 15 de octubre de 2024.- Al menos&hellip;<\/p>\n","protected":false},"author":2,"featured_media":68708,"comment_status":"closed","ping_status":"open","sticky":false,"template":"","format":"standard","meta":{"_lmt_disableupdate":"","_lmt_disable":"","_jetpack_memberships_contains_paid_content":false,"footnotes":""},"categories":[109,51],"tags":[2140],"class_list":["post-73486","post","type-post","status-publish","format-standard","has-post-thumbnail","hentry","category-minuto-a-minuto","category-zona-roja","tag-san-pedro-ixtlahuaca"],"jetpack_featured_media_url":"https:\/\/zonaroja.com.mx\/wp-content\/uploads\/2024\/05\/Escena-asesinato-crimen-.jpeg","jetpack_sharing_enabled":true,"_links":{"self":[{"href":"https:\/\/zonaroja.com.mx\/index.php?rest_route=\/wp\/v2\/posts\/73486","targetHints":{"allow":["GET"]}}],"collection":[{"href":"https:\/\/zonaroja.com.mx\/index.php?rest_route=\/wp\/v2\/posts"}],"about":[{"href":"https:\/\/zonaroja.com.mx\/index.php?rest_route=\/wp\/v2\/types\/post"}],"author":[{"embeddable":true,"href":"https:\/\/zonaroja.com.mx\/index.php?rest_route=\/wp\/v2\/users\/2"}],"replies":[{"embeddable":true,"href":"https:\/\/zonaroja.com.mx\/index.php?rest_route=%2Fwp%2Fv2%2Fcomments&post=73486"}],"version-history":[{"count":1,"href":"https:\/\/zonaroja.com.mx\/index.php?rest_route=\/wp\/v2\/posts\/73486\/revisions"}],"predecessor-version":[{"id":73487,"href":"https:\/\/zonaroja.com.mx\/index.php?rest_route=\/wp\/v2\/posts\/73486\/revisions\/73487"}],"wp:featuredmedia":[{"embeddable":true,"href":"https:\/\/zonaroja.com.mx\/index.php?rest_route=\/wp\/v2\/media\/68708"}],"wp:attachment":[{"href":"https:\/\/zonaroja.com.mx\/index.php?rest_route=%2Fwp%2Fv2%2Fmedia&parent=73486"}],"wp:term":[{"taxonomy":"category","embeddable":true,"href":"https:\/\/zonaroja.com.mx\/index.php?rest_route=%2Fwp%2Fv2%2Fcategories&post=73486"},{"taxonomy":"post_tag","embeddable":true,"href":"https:\/\/zonaroja.com.mx\/index.php?rest_route=%2Fwp%2Fv2%2Ftags&post=73486"}],"curies":[{"name":"wp","href":"https:\/\/api.w.org\/{rel}","templated":true}]}}