{"id":7349,"date":"2020-01-06T11:00:31","date_gmt":"2020-01-06T17:00:31","guid":{"rendered":"http:\/\/www.zonaroja.com.mx\/?p=7349"},"modified":"2020-01-06T07:46:33","modified_gmt":"2020-01-06T13:46:33","slug":"cumbiopera-el-nuevo-genero-musical-creado-por-el-oaxaqueno-luis-adrian","status":"publish","type":"post","link":"https:\/\/zonaroja.com.mx\/?p=7349","title":{"rendered":"\u201cCumbiopera\u201d, el nuevo g\u00e9nero musical creado por el oaxaque\u00f1o Luis Adri\u00e1n"},"content":{"rendered":"\n<p>Yuridiana Sosa\/Zona Roja. Fotos: Twitter<\/p>\n\n\n\n<p>Oaxaca\nde Ju\u00e1rez, Oax., 5 de enero 2020.- De M\u00e9xico, para el mundo: la \u201ccumbiopera\u201d,\nel nuevo g\u00e9nero musical del dueto formado por el tenor oaxaque\u00f1o Luis Adri\u00e1n y\nla originaria de la Ciudad de M\u00e9xico, Flor Amargo.<\/p>\n\n\n\n<p>La\nidea de la fusi\u00f3n de g\u00e9neros surgi\u00f3 por la pareja desde hace aproximadamente\ndos a\u00f1os, tras conocerse y compartir el escenario de \u201cLa Voz M\u00e9xico\u201d, en 2017.<\/p>\n\n\n\n<p>As\u00ed lo dio a conocer el joven oaxaque\u00f1o en su m\u00e1s reciente visita a la capital, junto con su compa\u00f1era de m\u00fasica, con quien graba su primer sencillo titulado \u201cD\u00e9jame\u201d.<\/p>\n\n\n\n<figure class=\"wp-block-embed-twitter wp-block-embed is-type-rich is-provider-twitter\"><div class=\"wp-block-embed__wrapper\">\n<div class=\"twitter-tweet\"><blockquote class=\"twitter-tweet\" data-lang=\"es\"><p lang=\"es\" dir=\"ltr\"><a href=\"https:\/\/twitter.com\/hashtag\/OaxacaRosa?src=hash&amp;ref_src=twsrc%5Etfw\">#OaxacaRosa<\/a><a href=\"https:\/\/twitter.com\/hashtag\/HechoEnOaxaca?src=hash&amp;ref_src=twsrc%5Etfw\">#HechoEnOaxaca<\/a><br>\u00bfRecuerda al tenor tenor oaxaque\u00f1o <a href=\"https:\/\/twitter.com\/tenorluisadrian?ref_src=twsrc%5Etfw\">@tenorluisadrian<\/a>? \u00bfQu\u00e9 pas\u00f3 despu\u00e9s que gan\u00f3 \u201cLa Voz M\u00e9xico\u201d en 2017? Le va mucho mejor, grab\u00f3 dueto con <a href=\"https:\/\/twitter.com\/FlorAmargo?ref_src=twsrc%5Etfw\">@FlorAmargo<\/a> y tiene muchas propuestas de trabajo. Aqu\u00ed un adelanto. <a href=\"https:\/\/t.co\/79kRgQD4Jr\">pic.twitter.com\/79kRgQD4Jr<\/a><\/p>&mdash; Zona Roja Oaxaca (@MexRoja) <a href=\"https:\/\/twitter.com\/MexRoja\/status\/1213840729031639042?ref_src=twsrc%5Etfw\">5 de enero de 2020<\/a><\/blockquote><\/div>\n<\/div><\/figure>\n\n\n\n<p>ORIGINAL<\/p>\n\n\n\n<p>Con\nentusiasmo y grandes expectativas sobre el nuevo proyecto musical, el tenor\ncoment\u00f3 que la combinaci\u00f3n de ritmos que han creado servir\u00e1 para abrirle camino\na m\u00e1s tenores en el \u00e1mbito musical.<\/p>\n\n\n\n<p>\u201cNadie\nla canta y con eso tratamos de hacer que este g\u00e9nero (\u00f3pera) sea m\u00e1s fluido en\nbeneficio de los cantantes de \u00f3pera, pues no tienen espacios donde trabajar\nporque no es bien pagado en M\u00e9xico\u201d, dijo el oaxaque\u00f1o, quien desde ni\u00f1o\nincursion\u00f3 en ese g\u00e9nero.<\/p>\n\n\n\n<p>DE\nAQU\u00cd PARA ALL\u00c1<\/p>\n\n\n\n<p>Tras ganar el programa musical, Luis Adri\u00e1n no ha detenido su trabajo.<\/p>\n\n\n\n<figure class=\"wp-block-image\"><img decoding=\"async\" width=\"1024\" height=\"768\" src=\"http:\/\/www.zonaroja.com.mx\/wp-content\/uploads\/2020\/01\/Luis-Adri\u00e1n-2-1024x768.jpg\" alt=\"\" class=\"wp-image-7351\" srcset=\"https:\/\/zonaroja.com.mx\/wp-content\/uploads\/2020\/01\/Luis-Adri\u00e1n-2-1024x768.jpg 1024w, https:\/\/zonaroja.com.mx\/wp-content\/uploads\/2020\/01\/Luis-Adri\u00e1n-2-300x225.jpg 300w, https:\/\/zonaroja.com.mx\/wp-content\/uploads\/2020\/01\/Luis-Adri\u00e1n-2-768x576.jpg 768w, https:\/\/zonaroja.com.mx\/wp-content\/uploads\/2020\/01\/Luis-Adri\u00e1n-2-1170x878.jpg 1170w, https:\/\/zonaroja.com.mx\/wp-content\/uploads\/2020\/01\/Luis-Adri\u00e1n-2-585x439.jpg 585w, https:\/\/zonaroja.com.mx\/wp-content\/uploads\/2020\/01\/Luis-Adri\u00e1n-2.jpg 1280w\" sizes=\"(max-width: 1024px) 100vw, 1024px\" \/><\/figure>\n\n\n\n<p>\u201cNos\nestamos moviendo, a paso lento pero seguro\u201d, asegur\u00f3 con alegr\u00eda sobre los\ndistintos proyectos en los que ha participado en este tiempo.<\/p>\n\n\n\n<p>El\noaxaque\u00f1o ha visitado distintas ciudades en los Estados Unidos de Norteam\u00e8rica y\npara este a\u00f1o se tiene programado hacer \u00f3pera en Europa.<\/p>\n\n\n\n<p>As\u00ed\ntambi\u00e9n, grab\u00f3 un concierto en vivo en homenaje a Juan Gabriel y a Jos\u00e9 Jos\u00e9.\nAdem\u00e1s, ha realizado otros trabajos como taller de composici\u00f3n.<\/p>\n\n\n\n<p>Luis\nAdri\u00e1n Cruz Ramos tiene t\u00edtulo en Canto Cl\u00e1sico, es Licenciado en Idiomas,\nDise\u00f1ador Gr\u00e1fico.<\/p>\n\n\n\n<p>En\n2013 obtuvo el Premio Nacional \u201cEl Pergamino de Oro al m\u00e9rito Andr\u00e9s\nHenestrosa\u201d, otorgado por las diversas radiodifusoras del pa\u00eds a los hombres\nm\u00e1s destacados de M\u00e9xico.<\/p>\n","protected":false},"excerpt":{"rendered":"<p>Yuridiana Sosa\/Zona Roja. Fotos: Twitter Oaxaca de Ju\u00e1rez, Oax., 5 de enero 2020.- De M\u00e9xico,&hellip;<\/p>\n","protected":false},"author":2,"featured_media":7350,"comment_status":"closed","ping_status":"open","sticky":false,"template":"","format":"standard","meta":{"_lmt_disableupdate":"","_lmt_disable":"","_jetpack_memberships_contains_paid_content":false,"footnotes":""},"categories":[109,46],"tags":[1233],"class_list":["post-7349","post","type-post","status-publish","format-standard","has-post-thumbnail","hentry","category-minuto-a-minuto","category-zona-blanca","tag-tenor-luis-adrian"],"jetpack_featured_media_url":"https:\/\/zonaroja.com.mx\/wp-content\/uploads\/2020\/01\/Luis-Adri\u00e1n-1.jpg","jetpack_sharing_enabled":true,"_links":{"self":[{"href":"https:\/\/zonaroja.com.mx\/index.php?rest_route=\/wp\/v2\/posts\/7349","targetHints":{"allow":["GET"]}}],"collection":[{"href":"https:\/\/zonaroja.com.mx\/index.php?rest_route=\/wp\/v2\/posts"}],"about":[{"href":"https:\/\/zonaroja.com.mx\/index.php?rest_route=\/wp\/v2\/types\/post"}],"author":[{"embeddable":true,"href":"https:\/\/zonaroja.com.mx\/index.php?rest_route=\/wp\/v2\/users\/2"}],"replies":[{"embeddable":true,"href":"https:\/\/zonaroja.com.mx\/index.php?rest_route=%2Fwp%2Fv2%2Fcomments&post=7349"}],"version-history":[{"count":1,"href":"https:\/\/zonaroja.com.mx\/index.php?rest_route=\/wp\/v2\/posts\/7349\/revisions"}],"predecessor-version":[{"id":7352,"href":"https:\/\/zonaroja.com.mx\/index.php?rest_route=\/wp\/v2\/posts\/7349\/revisions\/7352"}],"wp:featuredmedia":[{"embeddable":true,"href":"https:\/\/zonaroja.com.mx\/index.php?rest_route=\/wp\/v2\/media\/7350"}],"wp:attachment":[{"href":"https:\/\/zonaroja.com.mx\/index.php?rest_route=%2Fwp%2Fv2%2Fmedia&parent=7349"}],"wp:term":[{"taxonomy":"category","embeddable":true,"href":"https:\/\/zonaroja.com.mx\/index.php?rest_route=%2Fwp%2Fv2%2Fcategories&post=7349"},{"taxonomy":"post_tag","embeddable":true,"href":"https:\/\/zonaroja.com.mx\/index.php?rest_route=%2Fwp%2Fv2%2Ftags&post=7349"}],"curies":[{"name":"wp","href":"https:\/\/api.w.org\/{rel}","templated":true}]}}