{"id":73494,"date":"2024-10-16T08:20:00","date_gmt":"2024-10-16T14:20:00","guid":{"rendered":"https:\/\/zonaroja.com.mx\/?p=73494"},"modified":"2024-10-16T07:06:16","modified_gmt":"2024-10-16T13:06:16","slug":"anuncian-actividades-por-dias-de-muertos-2024-en-oaxaca-capital","status":"publish","type":"post","link":"https:\/\/zonaroja.com.mx\/?p=73494","title":{"rendered":"Anuncian actividades por D\u00edas de Muertos 2024 en Oaxaca capital"},"content":{"rendered":"\n<p>Redacci\u00f3n\/Zona Roja.<\/p>\n\n\n\n<p>Oaxaca de Ju\u00e1rez, Oax., a 16 de octubre de 2024.- El presidente municipal de Oaxaca de Ju\u00e1rez, Francisco Mart\u00ednez Neri, encabez\u00f3 la presentaci\u00f3n del cartel oficial y actividades de acceso libre que se llevar\u00e1n a cabo en la capital como parte del programa \u201cOaxaca siempre vive, nunca muere\u201d, en el marco de las festividades de D\u00edas de Muertos 2024.&nbsp;<\/p>\n\n\n\n<p>\u201cEn Oaxaca hay caracter\u00edsticas muy particulares que tenemos que preservar y he pedido a mis compa\u00f1eros que, en el ejercicio de sus actividades y en la organizaci\u00f3n de las mismas, procuren siempre buscar la preservaci\u00f3n de nuestras costumbres\u201d, dijo el edil capitalino en conferencia de prensa realizada ayer en el centro de la ciudad.&nbsp;<\/p>\n\n\n\n<p>Con la asistencia de la regidora de Gobierno, Turismo y Espect\u00e1culos, Adriana Morales S\u00e1nchez, se dio a conocer que el programa de actividades dar\u00e1 inicio el 30 de octubre y concluir\u00e1 el 2 de noviembre, teniendo como sedes el pante\u00f3n San Miguel, Plaza de la Danza y Jard\u00edn \u201cEl Pa\u00f1uelito\u201d.&nbsp;<\/p>\n\n\n\n<p>En ese contexto, el secretario de Fomento Tur\u00edstico, \u00c1ngel Osorio Morales, detall\u00f3 que para el mi\u00e9rcoles 30 de octubre, con la participaci\u00f3n de capitalinas y capitalinos provenientes de distintos barrios y agencias, as\u00ed como pobladores de municipios conurbados, colectivos y universidades, se llevar\u00e1 a cabo la Magna Comparsa a las 18:00 horas, partiendo del z\u00f3calo capitalino hasta la Plaza de la Danza.&nbsp;<\/p>\n\n\n\n<p>Posterior al evento, se realizar\u00e1 un concierto inaugural a cargo de la banda \u201cTracatera\u201d, conjunto musical representativo de la zona de Etla, previsto a las 20:00 horas.&nbsp;<\/p>\n\n\n\n<p>Del 31 de octubre al 2 de noviembre, en la Plaza de la Danza se concentrar\u00e1 la Feria del Pan y del Chocolate, actividad que abrir\u00e1 sus puertas al p\u00fablico en general a partir de las 17:00 hasta las 22:00 horas.&nbsp;<\/p>\n\n\n\n<p>El mismo 31 de octubre a las 18:00 horas se llevar\u00e1 a cabo el concurso de disfraces tradicionales de D\u00eda de Muertos, en el cual se espera la entrega de premios en efectivo para los tres primeros lugares. En esas mismas fechas, la Plaza de la Danza ser\u00e1 sede del taller \u201cPinta tu carita en pan de muerto\u201d.&nbsp;<\/p>\n\n\n\n<p>Para los d\u00edas 1 y 2 de noviembre a las 17:00 y 19:00 horas en la Plaza de la Danza se tiene programado el evento \u201cTradicional juego de loter\u00eda de D\u00eda de Muertos\u201d.\u00a0<\/p>\n\n\n\n<figure class=\"wp-block-embed is-type-rich is-provider-twitter wp-block-embed-twitter\"><div class=\"wp-block-embed__wrapper\">\n<div class=\"twitter-tweet\"><blockquote class=\"twitter-tweet\" data-lang=\"es\"><p lang=\"es\" dir=\"ltr\">Durante la presentaci\u00f3n de las actividades para conmemorar el D\u00eda de Muertos en la ciudad de <a href=\"https:\/\/twitter.com\/hashtag\/Oaxaca?src=hash&amp;ref_src=twsrc%5Etfw\">#Oaxaca<\/a>, el presidente municipal <a href=\"https:\/\/twitter.com\/FMartinezNeri?ref_src=twsrc%5Etfw\">@FMartinezNeri<\/a> garantiz\u00f3 seguridad para propios y visitantes, en coordinaci\u00f3n con autoridades federales y estatales. <a href=\"https:\/\/t.co\/wdW12VfmiZ\">pic.twitter.com\/wdW12VfmiZ<\/a><\/p>&mdash; Zona Roja Oaxaca (@ZonaRoja_Oaxaca) <a href=\"https:\/\/twitter.com\/ZonaRoja_Oaxaca\/status\/1846358010513248682?ref_src=twsrc%5Etfw\">16 de octubre de 2024<\/a><\/blockquote><\/div>\n<\/div><\/figure>\n\n\n\n<p>En tanto, para las y los amantes de la m\u00fasica en vivo, la Plaza de la Danza ser\u00e1 sede de conciertos y expresiones musicales y art\u00edsticas, como lo es Lashiga con la banda de m\u00fasica de Rodolfo Morales, a realizarse el 1 de noviembre a las 18:00 horas.&nbsp;<\/p>\n\n\n\n<p>Al siguiente d\u00eda, 2 de noviembre, se realizar\u00e1 el concierto Or\u00e1culo Cantor, el cual est\u00e1 programado iniciar a las 18:00 horas, as\u00ed como el espect\u00e1culo multidisciplinario \u201cBrujas, Diablos y Herejes\u201d, que consiste en relator\u00edas de mitos y leyendas a cargo de la banda de m\u00fasica de Santa Cecilia, ese mismo d\u00eda a las 20:00 horas.&nbsp;<\/p>\n\n\n\n<p>Por otra parte, el Pante\u00f3n San Miguel abrir\u00e1 sus puertas a visitantes locales y extranjeros, a fin de llevar a cabo actividades culturales y art\u00edsticas, proyecciones documentales, as\u00ed como una actividad de iluminaci\u00f3n de nichos denominada, \u201cUna luz para no olvidar\u201d, los d\u00edas 1 y 2 de noviembre.&nbsp;<\/p>\n\n\n\n<p>Adem\u00e1s, en el Jard\u00edn \u201cEl Pa\u00f1uelito\u201d, los d\u00edas 1 y 2 de noviembre se realizar\u00e1n dos presentaciones del espect\u00e1culo multidisciplinario \u201cEl d\u00eda de Muertos en Oaxaca\u201d, a cargo del Ballet Folcl\u00f3rico de Oaxaca del maestro Fernando Rosales, a las 19:30 horas.&nbsp;<\/p>\n\n\n\n<p>Cabe destacar que el 2 de noviembre en esa misma sede pero a las 17:00 horas se realizar\u00e1 el concierto de D\u00eda de Muertos del DIF Municipal de Oaxaca de Ju\u00e1rez, presentado por la Orquesta Sinf\u00f3nica de la Central de Abasto con Esperanza Azteca y el Coro de la Universidad La Salle.&nbsp;<\/p>\n\n\n\n<p>A trav\u00e9s de la Secretar\u00eda de Arte y Cultura que encabeza, Leticia Valle Mijangos, se llevar\u00e1 a cabo el concurso de Calaveritas literarias, convocatoria abierta al p\u00fablico que consistir\u00e1 en compartir ideas plasmadas en textos, en el marco de las festividades de D\u00eda de Muertos y cuya premiaci\u00f3n ser\u00e1n 7 libros que han sido publicados durante los tres a\u00f1os de la administraci\u00f3n municipal, cuyo contenido se basa en publicaciones acad\u00e9micas y de divulgaci\u00f3n sobre la historia del pueblo oaxaque\u00f1o y su gente.&nbsp;<\/p>\n\n\n\n<p>Asimismo se tiene previsto realizar el taller de catrinas, del 22 al 25 de octubre, a fin de contar con los adornos para poderlos colocar en los altares de las y los participantes, as\u00ed como el taller \u201cPinta tu carita\u201d, a realizarse en Palacio Municipal los d\u00edas 24 y 25 de octubre, as\u00ed lo inform\u00f3 Valle Mijangos.&nbsp;&nbsp;<\/p>\n\n\n\n<p>Durante la conferencia de prensa se detall\u00f3 que los panteones administrados por el Ayuntamiento capitalino abrir\u00e1n sus puertas para recibir a locales, nacionales y extranjeros.&nbsp;<\/p>\n\n\n\n<p>En ese sentido se dio a conocer que para los d\u00edas 31 de octubre, 1 y 2 de noviembre, el pante\u00f3n General y San Miguel se mantendr\u00e1 abierto de 07:00 a 22:00 horas, el pante\u00f3n Xochimilco de 07:00 a 21:00 horas, el pante\u00f3n del Marquesado de 07:00 a 18:00 horas y el pante\u00f3n Jard\u00edn de 07:00 a 19:00 horas.&nbsp;<\/p>\n\n\n\n<p>A la conferencia de prensa asisti\u00f3 Samanta Cruz Ruiz, encargada del Despacho de la Secretar\u00eda de Servicios Municipales y Getseman\u00ed G\u00f3mez Mart\u00ednez, jefa de la Unidad de Panteones.<\/p>\n","protected":false},"excerpt":{"rendered":"<p>Redacci\u00f3n\/Zona Roja. Oaxaca de Ju\u00e1rez, Oax., a 16 de octubre de 2024.- El presidente municipal&hellip;<\/p>\n","protected":false},"author":2,"featured_media":73495,"comment_status":"closed","ping_status":"open","sticky":false,"template":"","format":"standard","meta":{"_lmt_disableupdate":"","_lmt_disable":"","_jetpack_memberships_contains_paid_content":false,"footnotes":""},"categories":[109,46],"tags":[2418,148],"class_list":["post-73494","post","type-post","status-publish","format-standard","has-post-thumbnail","hentry","category-minuto-a-minuto","category-zona-blanca","tag-francisco-martinez-neri","tag-oaxaca-de-juarez"],"jetpack_featured_media_url":"https:\/\/zonaroja.com.mx\/wp-content\/uploads\/2024\/10\/Conferencia-Martinez-Neri-Dia-de-Muertos.jpeg","jetpack_sharing_enabled":true,"_links":{"self":[{"href":"https:\/\/zonaroja.com.mx\/index.php?rest_route=\/wp\/v2\/posts\/73494","targetHints":{"allow":["GET"]}}],"collection":[{"href":"https:\/\/zonaroja.com.mx\/index.php?rest_route=\/wp\/v2\/posts"}],"about":[{"href":"https:\/\/zonaroja.com.mx\/index.php?rest_route=\/wp\/v2\/types\/post"}],"author":[{"embeddable":true,"href":"https:\/\/zonaroja.com.mx\/index.php?rest_route=\/wp\/v2\/users\/2"}],"replies":[{"embeddable":true,"href":"https:\/\/zonaroja.com.mx\/index.php?rest_route=%2Fwp%2Fv2%2Fcomments&post=73494"}],"version-history":[{"count":1,"href":"https:\/\/zonaroja.com.mx\/index.php?rest_route=\/wp\/v2\/posts\/73494\/revisions"}],"predecessor-version":[{"id":73496,"href":"https:\/\/zonaroja.com.mx\/index.php?rest_route=\/wp\/v2\/posts\/73494\/revisions\/73496"}],"wp:featuredmedia":[{"embeddable":true,"href":"https:\/\/zonaroja.com.mx\/index.php?rest_route=\/wp\/v2\/media\/73495"}],"wp:attachment":[{"href":"https:\/\/zonaroja.com.mx\/index.php?rest_route=%2Fwp%2Fv2%2Fmedia&parent=73494"}],"wp:term":[{"taxonomy":"category","embeddable":true,"href":"https:\/\/zonaroja.com.mx\/index.php?rest_route=%2Fwp%2Fv2%2Fcategories&post=73494"},{"taxonomy":"post_tag","embeddable":true,"href":"https:\/\/zonaroja.com.mx\/index.php?rest_route=%2Fwp%2Fv2%2Ftags&post=73494"}],"curies":[{"name":"wp","href":"https:\/\/api.w.org\/{rel}","templated":true}]}}