{"id":73497,"date":"2024-10-16T07:42:22","date_gmt":"2024-10-16T13:42:22","guid":{"rendered":"https:\/\/zonaroja.com.mx\/?p=73497"},"modified":"2024-10-16T07:42:25","modified_gmt":"2024-10-16T13:42:25","slug":"a-horas-de-segunda-marcha-gobierno-se-reune-con-familia-de-sandra-dominguez","status":"publish","type":"post","link":"https:\/\/zonaroja.com.mx\/?p=73497","title":{"rendered":"A horas de segunda marcha, gobierno se re\u00fane con familia de Sandra Dom\u00ednguez"},"content":{"rendered":"\n<p>Raymundo Morales\/Zona Roja.<\/p>\n\n\n\n<p>Oaxaca de Ju\u00e1rez, Oax. 16 de octubre de 2024.- A unas horas de una segunda marcha para exigir celeridad en la b\u00fasqueda, la Comisi\u00f3n Estatal de B\u00fasqueda de Personas Desaparecidas de Oaxaca, present\u00f3 a familiares de Sandra Est\u00e9fana D. M. a su asesor jur\u00eddico y a la Comisi\u00f3n Ejecutiva Estatal de Atenci\u00f3n Integral a V\u00edctimas, un Plan de B\u00fasqueda, con la finalidad de que conozcan las l\u00edneas de acci\u00f3n a seguir para localizar a las personas desaparecidas.<\/p>\n\n\n\n<p>En un comunicado, el gobierno inform\u00f3 que la titular del organismo, Michel Juli\u00e1n L\u00f3pez, explic\u00f3 que a la par dieron a conocer a la familia de la persona que en las \u00faltimas horas un equipo multidisciplinario de la Comisi\u00f3n Nacional y la Estatal de B\u00fasqueda, la Coordinaci\u00f3n para la Atenci\u00f3n de los Derechos Humanos (CAHD) conjuntamente con la Fiscal\u00eda General del Estado de Oaxaca (FGEO) y el acompa\u00f1amiento de la Secretar\u00eda de Seguridad y Protecci\u00f3n Ciudadana (SSPC) incursionaron en varios puntos del estado de Veracruz en la b\u00fasqueda de las personas desaparecidas.<\/p>\n\n\n\n<p>Dio a conocer que, a partir de lo documentado, obtuvieron m\u00e1s informaci\u00f3n que permite definir y robustecer las l\u00edneas de b\u00fasqueda que a la fecha se tienen, adem\u00e1s de proporcionarlas a la Fiscal\u00eda General del Estado de Oaxaca.<\/p>\n\n\n\n<p>Destac\u00f3 que el acercamiento con los familiares de Sandra Est\u00e9fana D. M. es permanente y diariamente se les informa las acciones realizadas y se intercambia informaci\u00f3n para generar nuevas l\u00edneas de b\u00fasqueda.<\/p>\n\n\n\n<p>Coment\u00f3 que a las reuniones que se tienen con los familiares se sum\u00f3 el titular de la Comisi\u00f3n Ejecutiva Estatal de Atenci\u00f3n Integral a V\u00edctimas, H\u00e9ctor Eduardo Vila Ortiz, para reforzar la atenci\u00f3n que se brinda a la familia.<\/p>\n\n\n\n<p>\u201cHay atenci\u00f3n integral por parte del Estado y no solo abarca el tema de b\u00fasqueda, sino tambi\u00e9n hay atenci\u00f3n y cuidado emocional el cual se proporciona a las v\u00edctimas en campo, hay una psic\u00f3loga espec\u00edficamente para atender a una de las v\u00edctimas que est\u00e1 en campo a fin de cuidar su salud emocional\u201d, dijo.<\/p>\n\n\n\n<p>Abund\u00f3 que el Plan de B\u00fasqueda tambi\u00e9n se present\u00f3 a la Fiscal\u00eda de Oaxaca para que a partir de estas acciones se definan pol\u00edgonos de inter\u00e9s espec\u00edfico en la zona de Veracruz y se pueda dar una ejecuci\u00f3n con las distintas instituciones del gobierno de aquella entidad, de Oaxaca y el apoyo del Gobierno Federal.<\/p>\n\n\n\n<p>A\u00f1adi\u00f3 que ha sostenido entrevistas con el Fiscal General del Estado de Veracruz a fin de analizar los avances que hay en la carpeta de investigaci\u00f3n en aquella entidad y observar que se puede sugerir como actos de investigaci\u00f3n, entre otras acciones.<\/p>\n\n\n\n<p>En tanto, el titular de la Comisi\u00f3n Ejecutiva Estatal de Atenci\u00f3n Integral a V\u00edctimas, H\u00e9ctor Eduardo Vila Ortiz manifest\u00f3 que han sostenido reuniones con la madre de la persona desaparecida a quien se le acercaron los servicios integrales que ofrece el organismo como son la representaci\u00f3n jur\u00eddica, el apoyo para que en el contexto de las b\u00fasquedas que se realizan tengan los elementos m\u00ednimos indispensables de apoyo para el transporte, pago de alimentaci\u00f3n y sigan en la b\u00fasqueda de su familiar.<\/p>\n\n\n\n<p>Agreg\u00f3 que coadyuvar\u00e1n en la investigaci\u00f3n, \u201cuna de las funciones de la comisi\u00f3n es dar acompa\u00f1amiento jur\u00eddico y estaremos aportando datos estando pendientes de los avances que registre la Fiscal\u00eda de Oaxaca y haya un resultado en materia de b\u00fasqueda\u201d.<\/p>\n\n\n\n<p>Este mi\u00e9rcoles a partir de las 10:00 horas, familiares de Sandra Est\u00e9fana y organismos de la sociedad civil realizar\u00e1n una segunda marcha, ahora de la fuente de las Ocho Regiones hacia el z\u00f3calo de la capital oaxaque\u00f1a, para insistir en que se refuerce la b\u00fasqueda de la activista y de su pareja Alexander Hern\u00e1ndez, vistos por \u00faltima vez el pasado 4 de octubre en Mar\u00eda Lombardo de Caso, San Juan Cotzoc\u00f3n Mixe.<\/p>\n","protected":false},"excerpt":{"rendered":"<p>Raymundo Morales\/Zona Roja. Oaxaca de Ju\u00e1rez, Oax. 16 de octubre de 2024.- A unas horas&hellip;<\/p>\n","protected":false},"author":2,"featured_media":73498,"comment_status":"closed","ping_status":"open","sticky":false,"template":"","format":"standard","meta":{"_lmt_disableupdate":"","_lmt_disable":"","_jetpack_memberships_contains_paid_content":false,"footnotes":""},"categories":[109,46],"tags":[4086],"class_list":["post-73497","post","type-post","status-publish","format-standard","has-post-thumbnail","hentry","category-minuto-a-minuto","category-zona-blanca","tag-sandra-dominguez"],"jetpack_featured_media_url":"https:\/\/zonaroja.com.mx\/wp-content\/uploads\/2024\/10\/Reunion-victimas-familia-Sandra-Dominguez.jpg","jetpack_sharing_enabled":true,"_links":{"self":[{"href":"https:\/\/zonaroja.com.mx\/index.php?rest_route=\/wp\/v2\/posts\/73497","targetHints":{"allow":["GET"]}}],"collection":[{"href":"https:\/\/zonaroja.com.mx\/index.php?rest_route=\/wp\/v2\/posts"}],"about":[{"href":"https:\/\/zonaroja.com.mx\/index.php?rest_route=\/wp\/v2\/types\/post"}],"author":[{"embeddable":true,"href":"https:\/\/zonaroja.com.mx\/index.php?rest_route=\/wp\/v2\/users\/2"}],"replies":[{"embeddable":true,"href":"https:\/\/zonaroja.com.mx\/index.php?rest_route=%2Fwp%2Fv2%2Fcomments&post=73497"}],"version-history":[{"count":1,"href":"https:\/\/zonaroja.com.mx\/index.php?rest_route=\/wp\/v2\/posts\/73497\/revisions"}],"predecessor-version":[{"id":73499,"href":"https:\/\/zonaroja.com.mx\/index.php?rest_route=\/wp\/v2\/posts\/73497\/revisions\/73499"}],"wp:featuredmedia":[{"embeddable":true,"href":"https:\/\/zonaroja.com.mx\/index.php?rest_route=\/wp\/v2\/media\/73498"}],"wp:attachment":[{"href":"https:\/\/zonaroja.com.mx\/index.php?rest_route=%2Fwp%2Fv2%2Fmedia&parent=73497"}],"wp:term":[{"taxonomy":"category","embeddable":true,"href":"https:\/\/zonaroja.com.mx\/index.php?rest_route=%2Fwp%2Fv2%2Fcategories&post=73497"},{"taxonomy":"post_tag","embeddable":true,"href":"https:\/\/zonaroja.com.mx\/index.php?rest_route=%2Fwp%2Fv2%2Ftags&post=73497"}],"curies":[{"name":"wp","href":"https:\/\/api.w.org\/{rel}","templated":true}]}}