{"id":73500,"date":"2024-10-16T10:44:00","date_gmt":"2024-10-16T16:44:00","guid":{"rendered":"https:\/\/zonaroja.com.mx\/?p=73500"},"modified":"2024-10-16T07:54:18","modified_gmt":"2024-10-16T13:54:18","slug":"vinculan-a-proceso-a-cinco-taxistas-que-retuvieron-unidad-de-citybus","status":"publish","type":"post","link":"https:\/\/zonaroja.com.mx\/?p=73500","title":{"rendered":"Vinculan a proceso a cinco taxistas que retuvieron unidad de Citybus"},"content":{"rendered":"\n<p>Redacci\u00f3n\/Zona Roja.&nbsp;<\/p>\n\n\n\n<p>Oaxaca de Ju\u00e1rez, Oax., a 16 de octubre de 2024.- Como parte de las acciones de investigaci\u00f3n ministerial que realiza la Fiscal\u00eda General del Estado de Oaxaca (FGEO) se obtuvo auto de vinculaci\u00f3n a proceso y prisi\u00f3n preventiva contra cinco personas del sexo masculino, identificados como O.J.C.V., J.A.S.B., G.F.O.R., E.V.S.P. y R.L.J., por el delito de Ataques a las V\u00edas de Comunicaci\u00f3n, tras la retenci\u00f3n de unidades pertenecientes al sistema de transporte p\u00fablico denominado Cityb\u00fas, ocurrido en los Valles Centrales.<\/p>\n\n\n\n<p>De acuerdo con el expediente penal del caso, los hechos ocurrieron el pasado 26 de septiembre de 2024 en que polic\u00edas estatales de la Secretar\u00eda de Seguridad y Protecci\u00f3n Ciudadana (SSPC), recibieron un reporte del Centro de Control Comando y Comunicaci\u00f3n (C4) en el que informaban que un grupo de personas hab\u00eda retenido unidades de este sistema de transporte p\u00fablico en una de las paradas del Cityb\u00fas, localizada sobre la avenida S\u00edmbolos Patrios, al sur de la capital de Oaxaca.<\/p>\n\n\n\n<p>Una vez que la FGEO tom\u00f3 conocimiento del caso, despleg\u00f3 a un equipo t\u00e1ctico de la Agencia Estatal de Investigaciones (AEI) que lleg\u00f3 al lugar de los hechos y, en un operativo conjunto con elementos de la SSPC, se logr\u00f3 la detenci\u00f3n de cinco personas y al mismo tiempo la recuperaci\u00f3n de las unidades de motor que hab\u00edan sido retenidas para impedir que los pasajeros las abordaran.<\/p>\n\n\n\n<p>Una vez detenidas, las cinco personas fueron puestas a disposici\u00f3n de la autoridad ministerial perteneciente a la Vicefiscal\u00eda de los Valles Centrales, que realiz\u00f3 las investigaciones correspondientes.<\/p>\n\n\n\n<p>Tras valorar los datos de pruebas aportados por la FGEO, el Juez de Control dict\u00f3 vinculaci\u00f3n a proceso contra las cinco personas imputadas por el delito de ataques a las v\u00edas de comunicaci\u00f3n en agravio de la sociedad e impuso adem\u00e1s la medida cautelar de prisi\u00f3n preventiva justificada, otorgando un plazo de 15 d\u00edas para el cierre de la investigaci\u00f3n complementaria.<\/p>\n\n\n\n<p>La Fiscal\u00eda General de Oaxaca, refrenda su compromiso de seguir trabajando para combatir este tipo de delitos que da\u00f1an el tejido social y atentan contra el bienestar de la sociedad oaxaque\u00f1a.<\/p>\n\n\n\n<p>OTRA VINCULACI\u00d3N<\/p>\n\n\n\n<p>En otro caso, la Fiscal\u00eda de Oaxaca obtuvo auto de vinculaci\u00f3n a proceso y prisi\u00f3n en contra de una persona del sexo masculino identificada como F.V.C., por el delito de Homicidio Calificado con Ventaja, cometido en agravio de una mujer con iniciales E.T.S., en la regi\u00f3n de la Costa.<\/p>\n\n\n\n<p>De acuerdo con lo asentado en el expediente penal del caso, los hechos ocurrieron el 30 de agosto de 2023, en el patio de un domicilio ubicado en la colonia Vista Hermosa del municipio de San Pedro Mixtepec, lugar donde lleg\u00f3 el agresor que realiz\u00f3 diversos disparos de arma de fuego contra la v\u00edctima, infligiendo lesiones en diferentes partes del cuerpo que le ocasionaron la muerte.<\/p>\n\n\n\n<p>Al tener conocimiento de los hechos, la FGEO inici\u00f3 las investigaciones a trav\u00e9s de la Vicefiscal\u00eda Regional de la Costa, que reuni\u00f3 las pruebas suficientes que permitieron obtener una orden de aprehensi\u00f3n en contra del imputado.<\/p>\n\n\n\n<p>Una vez que los elementos de la Agencia Estatal de Investigaciones (AEI) lograron localizar y detener a J.C.M., fue llevado ante el juzgado correspondiente que lo requiri\u00f3.<\/p>\n\n\n\n<p>Posteriormente en el desahogo de pruebas presentadas por la FGEO, el Juez que atiende la causa, determin\u00f3 vincular a proceso a F.V.C., por el delito de Homicidio Calificado con Ventaja e impuso la medida cautelar de prisi\u00f3n preventiva justificada, concediendo un plazo de cuatro meses para el cierre de investigaci\u00f3n complementaria.<\/p>\n","protected":false},"excerpt":{"rendered":"<p>Redacci\u00f3n\/Zona Roja.&nbsp; Oaxaca de Ju\u00e1rez, Oax., a 16 de octubre de 2024.- Como parte de&hellip;<\/p>\n","protected":false},"author":2,"featured_media":73501,"comment_status":"closed","ping_status":"open","sticky":false,"template":"","format":"standard","meta":{"_lmt_disableupdate":"","_lmt_disable":"","_jetpack_memberships_contains_paid_content":false,"footnotes":""},"categories":[109,46],"tags":[494],"class_list":["post-73500","post","type-post","status-publish","format-standard","has-post-thumbnail","hentry","category-minuto-a-minuto","category-zona-blanca","tag-fiscalia-general-del-estado-de-oaxaca"],"jetpack_featured_media_url":"https:\/\/zonaroja.com.mx\/wp-content\/uploads\/2024\/10\/Taxistas-caso-Citybus.jpg","jetpack_sharing_enabled":true,"_links":{"self":[{"href":"https:\/\/zonaroja.com.mx\/index.php?rest_route=\/wp\/v2\/posts\/73500","targetHints":{"allow":["GET"]}}],"collection":[{"href":"https:\/\/zonaroja.com.mx\/index.php?rest_route=\/wp\/v2\/posts"}],"about":[{"href":"https:\/\/zonaroja.com.mx\/index.php?rest_route=\/wp\/v2\/types\/post"}],"author":[{"embeddable":true,"href":"https:\/\/zonaroja.com.mx\/index.php?rest_route=\/wp\/v2\/users\/2"}],"replies":[{"embeddable":true,"href":"https:\/\/zonaroja.com.mx\/index.php?rest_route=%2Fwp%2Fv2%2Fcomments&post=73500"}],"version-history":[{"count":1,"href":"https:\/\/zonaroja.com.mx\/index.php?rest_route=\/wp\/v2\/posts\/73500\/revisions"}],"predecessor-version":[{"id":73502,"href":"https:\/\/zonaroja.com.mx\/index.php?rest_route=\/wp\/v2\/posts\/73500\/revisions\/73502"}],"wp:featuredmedia":[{"embeddable":true,"href":"https:\/\/zonaroja.com.mx\/index.php?rest_route=\/wp\/v2\/media\/73501"}],"wp:attachment":[{"href":"https:\/\/zonaroja.com.mx\/index.php?rest_route=%2Fwp%2Fv2%2Fmedia&parent=73500"}],"wp:term":[{"taxonomy":"category","embeddable":true,"href":"https:\/\/zonaroja.com.mx\/index.php?rest_route=%2Fwp%2Fv2%2Fcategories&post=73500"},{"taxonomy":"post_tag","embeddable":true,"href":"https:\/\/zonaroja.com.mx\/index.php?rest_route=%2Fwp%2Fv2%2Ftags&post=73500"}],"curies":[{"name":"wp","href":"https:\/\/api.w.org\/{rel}","templated":true}]}}