{"id":73503,"date":"2024-10-16T13:04:00","date_gmt":"2024-10-16T19:04:00","guid":{"rendered":"https:\/\/zonaroja.com.mx\/?p=73503"},"modified":"2024-10-16T09:05:09","modified_gmt":"2024-10-16T15:05:09","slug":"reforma-constitucional-sobre-salarios-un-acto-de-justicia-social-diputado","status":"publish","type":"post","link":"https:\/\/zonaroja.com.mx\/?p=73503","title":{"rendered":"Reforma constitucional sobre salarios, un acto de justicia social: diputado"},"content":{"rendered":"\n<p>Redacci\u00f3n\/Zona Roja.<\/p>\n\n\n\n<p>Oaxaca de Ju\u00e1rez, Oax., a 16 de octubre de 2024.- Luego de la aprobaci\u00f3n de la minuta sobre la reforma al art\u00edculo 123 de la Constituci\u00f3n Pol\u00edtica de los Estados Unidos Mexicanos, en materia de salarios, el presidente de la Junta de Coordinaci\u00f3n Pol\u00edtica de la 65 Legislatura local, Sergio L\u00f3pez S\u00e1nchez, resalt\u00f3 que ello es un acto de justicia social para el beneficio de m\u00e1s de siete millones de mexicanos en el pa\u00eds.&nbsp;<\/p>\n\n\n\n<p>\u201cPara nosotros representa un acto de justicia social para las y los trabajadores; y que el salario m\u00ednimo no pueda ser utilizado como \u00edndice, unidad, base medida o referencia para fines ajenos a su naturaleza. Estamos muy contentos de que en el Congreso de Oaxaca se haya avalado esta minuta\u201d, resalt\u00f3 el legislador.&nbsp;<\/p>\n\n\n\n<p>Este martes, el pleno sesion\u00f3 para aprobar la minuta con proyecto de decreto remitida por el Congreso de la Uni\u00f3n, por el que se reforman el primer p\u00e1rrafo de la fracci\u00f3n VI del apartado A, y se agrega un tercer p\u00e1rrafo a la fracci\u00f3n IV del apartado B del art\u00edculo 123 de la Constituci\u00f3n de M\u00e9xico.&nbsp;<\/p>\n\n\n\n<p>Con ello, se establece en la Constituci\u00f3n federal que el salario m\u00ednimo no podr\u00e1 ser utilizado como \u00edndice, unidad, base medida o referencia para fines ajenos a su naturaleza.&nbsp;<\/p>\n\n\n\n<p>Asimismo, la fijaci\u00f3n anual de los salarios m\u00ednimos generales o profesionales, o la revisi\u00f3n de los mismos, nuca estar\u00e1 por debajo de la inflaci\u00f3n observada durante el per\u00edodo de su vigencia.<\/p>\n\n\n\n<p>Los salarios ser\u00e1n fijados en los presupuestos respectivos sin que su cuant\u00eda pueda ser disminuida durante la vigencia de \u00e9stos, sujet\u00e1ndose a los dispuesto en el art\u00edculo 127 de la Constituci\u00f3n federal. En ning\u00fan caso los salarios podr\u00e1n ser inferiores al m\u00ednimo para los trabajadores en general en las entidades federativas.<\/p>\n\n\n\n<p>Las maestras y los maestros de nivel b\u00e1sico de tiempo completo, polic\u00edas, guardias nacionales, integrantes de la Fuerza Armada permanente, as\u00ed como m\u00e9dicos y enfermeros percibir\u00e1n un salario promedio registrado ante el Instituto Mexicano del Seguro Social, el cual es de 16 mil 777 pesos, que equivale al salario mensual promedio registrado en el 2023 en el IMSS.<\/p>\n\n\n\n<figure class=\"wp-block-embed is-type-rich is-provider-twitter wp-block-embed-twitter\"><div class=\"wp-block-embed__wrapper\">\n<div class=\"twitter-tweet\"><blockquote class=\"twitter-tweet\" data-lang=\"es\"><p lang=\"es\" dir=\"ltr\">Como un acto de justicia social, calific\u00f3 el presidente de la Junta de Coordinaci\u00f3n Pol\u00edtica del <a href=\"https:\/\/twitter.com\/CongresoOaxaca_?ref_src=twsrc%5Etfw\">@CongresoOaxaca_<\/a>, <a href=\"https:\/\/twitter.com\/SergioLopez_S?ref_src=twsrc%5Etfw\">@SergioLopez_S<\/a>, la reforma en materia de salarios, avalada por el Congreso de la Uni\u00f3n, y cuya minuta hoy aprob\u00f3 el Poder Legislativo estatal.<br>En entrevista, habl\u00f3\u2026 <a href=\"https:\/\/t.co\/JEGBjeQd8s\">pic.twitter.com\/JEGBjeQd8s<\/a><\/p>&mdash; Zona Roja Oaxaca (@ZonaRoja_Oaxaca) <a href=\"https:\/\/twitter.com\/ZonaRoja_Oaxaca\/status\/1846377489557327901?ref_src=twsrc%5Etfw\">16 de octubre de 2024<\/a><\/blockquote><\/div>\n<\/div><\/figure>\n","protected":false},"excerpt":{"rendered":"<p>Redacci\u00f3n\/Zona Roja. Oaxaca de Ju\u00e1rez, Oax., a 16 de octubre de 2024.- Luego de la&hellip;<\/p>\n","protected":false},"author":2,"featured_media":73504,"comment_status":"closed","ping_status":"open","sticky":false,"template":"","format":"standard","meta":{"_lmt_disableupdate":"","_lmt_disable":"","_jetpack_memberships_contains_paid_content":false,"footnotes":""},"categories":[109,46],"tags":[3803],"class_list":["post-73503","post","type-post","status-publish","format-standard","has-post-thumbnail","hentry","category-minuto-a-minuto","category-zona-blanca","tag-sergio-lopez-sanchez"],"jetpack_featured_media_url":"https:\/\/zonaroja.com.mx\/wp-content\/uploads\/2024\/10\/Sergio-Lopez-Sanchez.jpg","jetpack_sharing_enabled":true,"_links":{"self":[{"href":"https:\/\/zonaroja.com.mx\/index.php?rest_route=\/wp\/v2\/posts\/73503","targetHints":{"allow":["GET"]}}],"collection":[{"href":"https:\/\/zonaroja.com.mx\/index.php?rest_route=\/wp\/v2\/posts"}],"about":[{"href":"https:\/\/zonaroja.com.mx\/index.php?rest_route=\/wp\/v2\/types\/post"}],"author":[{"embeddable":true,"href":"https:\/\/zonaroja.com.mx\/index.php?rest_route=\/wp\/v2\/users\/2"}],"replies":[{"embeddable":true,"href":"https:\/\/zonaroja.com.mx\/index.php?rest_route=%2Fwp%2Fv2%2Fcomments&post=73503"}],"version-history":[{"count":1,"href":"https:\/\/zonaroja.com.mx\/index.php?rest_route=\/wp\/v2\/posts\/73503\/revisions"}],"predecessor-version":[{"id":73505,"href":"https:\/\/zonaroja.com.mx\/index.php?rest_route=\/wp\/v2\/posts\/73503\/revisions\/73505"}],"wp:featuredmedia":[{"embeddable":true,"href":"https:\/\/zonaroja.com.mx\/index.php?rest_route=\/wp\/v2\/media\/73504"}],"wp:attachment":[{"href":"https:\/\/zonaroja.com.mx\/index.php?rest_route=%2Fwp%2Fv2%2Fmedia&parent=73503"}],"wp:term":[{"taxonomy":"category","embeddable":true,"href":"https:\/\/zonaroja.com.mx\/index.php?rest_route=%2Fwp%2Fv2%2Fcategories&post=73503"},{"taxonomy":"post_tag","embeddable":true,"href":"https:\/\/zonaroja.com.mx\/index.php?rest_route=%2Fwp%2Fv2%2Ftags&post=73503"}],"curies":[{"name":"wp","href":"https:\/\/api.w.org\/{rel}","templated":true}]}}