{"id":73506,"date":"2024-10-16T10:16:00","date_gmt":"2024-10-16T16:16:00","guid":{"rendered":"https:\/\/zonaroja.com.mx\/?p=73506"},"modified":"2024-10-16T09:17:29","modified_gmt":"2024-10-16T15:17:29","slug":"en-juchitan-roban-hasta-en-el-centro-de-salud","status":"publish","type":"post","link":"https:\/\/zonaroja.com.mx\/?p=73506","title":{"rendered":"En Juchit\u00e1n, \u00a1roban hasta en el centro de salud!\u00a0"},"content":{"rendered":"\n<p>Redacci\u00f3n\/Zona Roja.<\/p>\n\n\n\n<p>Oaxaca de Ju\u00e1rez, Oax., a 16 de octubre de 2024.- Vecinos de la colonia M\u00e1rtires 31 de Julio de Juchit\u00e1n de Zaragoza protestar ayer por la tarde ante los constantes hurtos de los que ha sido v\u00edctima el centro de salud de la zona.&nbsp;<\/p>\n\n\n\n<p>Los manifestantes solicitaron una reuni\u00f3n con el comisario de seguridad p\u00fablica municipal, para acordar medidas que mejoren la vigilancia en la zona.<\/p>\n\n\n\n<p>Durante la manifestaci\u00f3n, los vecinos realizaron una marcha que culmin\u00f3 con el bloqueo de la carretera 185, a la altura de la comisar\u00eda de seguridad p\u00fablica, en un intento por visibilizar su preocupaci\u00f3n por la seguridad del centro de salud.<\/p>\n\n\n\n<p>Las autoridades de seguridad p\u00fablica respondieron brindando atenci\u00f3n a los inconformes y se espera que se establezca un di\u00e1logo para coordinar acciones que garanticen la protecci\u00f3n del lugar.&nbsp;<\/p>\n\n\n\n<p>Los vecinos hicieron hincapi\u00e9 en la importancia de que se refuercen las medidas de seguridad para evitar que estos incidentes se sigan repitiendo.<\/p>\n\n\n\n<p>(Informaci\u00f3n de Cortamortaja)<\/p>\n","protected":false},"excerpt":{"rendered":"<p>Redacci\u00f3n\/Zona Roja. Oaxaca de Ju\u00e1rez, Oax., a 16 de octubre de 2024.- Vecinos de la&hellip;<\/p>\n","protected":false},"author":2,"featured_media":73507,"comment_status":"closed","ping_status":"open","sticky":false,"template":"","format":"standard","meta":{"_lmt_disableupdate":"","_lmt_disable":"","_jetpack_memberships_contains_paid_content":false,"footnotes":""},"categories":[109,47],"tags":[123],"class_list":["post-73506","post","type-post","status-publish","format-standard","has-post-thumbnail","hentry","category-minuto-a-minuto","category-zona-gris","tag-juchitan-de-zaragoza"],"jetpack_featured_media_url":"https:\/\/zonaroja.com.mx\/wp-content\/uploads\/2024\/10\/Protesta-Juchitan-centro-de-salud.jpg","jetpack_sharing_enabled":true,"_links":{"self":[{"href":"https:\/\/zonaroja.com.mx\/index.php?rest_route=\/wp\/v2\/posts\/73506","targetHints":{"allow":["GET"]}}],"collection":[{"href":"https:\/\/zonaroja.com.mx\/index.php?rest_route=\/wp\/v2\/posts"}],"about":[{"href":"https:\/\/zonaroja.com.mx\/index.php?rest_route=\/wp\/v2\/types\/post"}],"author":[{"embeddable":true,"href":"https:\/\/zonaroja.com.mx\/index.php?rest_route=\/wp\/v2\/users\/2"}],"replies":[{"embeddable":true,"href":"https:\/\/zonaroja.com.mx\/index.php?rest_route=%2Fwp%2Fv2%2Fcomments&post=73506"}],"version-history":[{"count":1,"href":"https:\/\/zonaroja.com.mx\/index.php?rest_route=\/wp\/v2\/posts\/73506\/revisions"}],"predecessor-version":[{"id":73508,"href":"https:\/\/zonaroja.com.mx\/index.php?rest_route=\/wp\/v2\/posts\/73506\/revisions\/73508"}],"wp:featuredmedia":[{"embeddable":true,"href":"https:\/\/zonaroja.com.mx\/index.php?rest_route=\/wp\/v2\/media\/73507"}],"wp:attachment":[{"href":"https:\/\/zonaroja.com.mx\/index.php?rest_route=%2Fwp%2Fv2%2Fmedia&parent=73506"}],"wp:term":[{"taxonomy":"category","embeddable":true,"href":"https:\/\/zonaroja.com.mx\/index.php?rest_route=%2Fwp%2Fv2%2Fcategories&post=73506"},{"taxonomy":"post_tag","embeddable":true,"href":"https:\/\/zonaroja.com.mx\/index.php?rest_route=%2Fwp%2Fv2%2Ftags&post=73506"}],"curies":[{"name":"wp","href":"https:\/\/api.w.org\/{rel}","templated":true}]}}