{"id":73509,"date":"2024-10-16T13:19:00","date_gmt":"2024-10-16T19:19:00","guid":{"rendered":"https:\/\/zonaroja.com.mx\/?p=73509"},"modified":"2024-10-16T09:22:47","modified_gmt":"2024-10-16T15:22:47","slug":"pese-a-mil-efectivos-militares-en-sinaloa-sigue-el-extermino-entre-grupos-del-narco","status":"publish","type":"post","link":"https:\/\/zonaroja.com.mx\/?p=73509","title":{"rendered":"Pese a mil efectivos militares, en Sinaloa sigue el extermino entre grupos del narco"},"content":{"rendered":"\n<p>Redacci\u00f3n\/Zona Roja Cdmx.<\/p>\n\n\n\n<p>Ciudad de M\u00e9xico, a 16 de octubre de 2024.- Nueve personas fueron asesinadas ayer en distintos puntos de Culiac\u00e1n como parte de la disputa que comenzaron el pasado 9 de septiembre las principales facciones del cartel de Sinaloa: \u201cLos Mayitos\u201d y \u201cLos Chapitos\u201d.&nbsp;<\/p>\n\n\n\n<p>En un mes y seis d\u00edas suman 170 homicidios en la capital del estado, seg\u00fan cifras de la fiscal\u00eda estatal, aunque fuentes extraoficiales reportan m\u00e1s de 200.<\/p>\n\n\n\n<p>Ayer a las 2:15 de la madrugada el n\u00famero de emergencias 911 recibi\u00f3 un reporte sobre el hallazgo de cinco cad\u00e1veres en el acotamiento de la maxipista Culiac\u00e1n-Mazatl\u00e1n, a la altura del kil\u00f3metro 114, en las inmediaciones del poblado La Laguna de Canachi, sindicatura de Baila.<\/p>\n\n\n\n<p>Al sitio acudieron elementos del Ej\u00e9rcito y de la Guardia Nacional, quienes confirmaron que los cinco cuerpos ten\u00edan huellas de tortura e impactos de bala.<\/p>\n\n\n\n<p>Tambi\u00e9n en las primeras horas de ayer, un hombre fue acribillado con un arma de las conocidas como cuerno de chivo, cerca del predio donde se realiza la Feria Ganadera, en el sur de la ciudad. La v\u00edctima recibi\u00f3 unos cien balazos, seg\u00fan el informe.<\/p>\n\n\n\n<p>En el fraccionamientos Portalegre, las autoridades localizaron a dos sujetos, uno de ellos sin signos vitales y el otro herido de bala en una pierna; este \u00faltimo declar\u00f3 que el fallecido era su primo y ambos fueron privados de la libertad el d\u00eda anterior por desconocidos.<\/p>\n\n\n\n<p>En tanto, otro hombre no identificado fue encontrado sin vida, con las manos esposadas hacia atr\u00e1s y con el rostro cubierto, en un camino de terracer\u00eda en la sindicatura de Costa Rica, dieron a conocer fuentes policiales.<\/p>\n\n\n\n<p>Adem\u00e1s, elementos policiales hallaron a un sujeto asesinado en el poblado de Los Becon, sindicatura de El Salado, al sur de Culiac\u00e1n; el individuo ten\u00eda cinta en el rostro y se encontraba maniatado.<\/p>\n\n\n\n<p>Llegan mas efectivos<\/p>\n\n\n\n<p>En tanto, ayer llegaron 150 elementos del Ej\u00e9rcito Mexicano para unirse a los trabajos preventivos y de inteligencia en el estado, de manera coordinada con la Guardia Nacional y la Secretar\u00eda de Seguridad P\u00fablica de Sinaloa, inform\u00f3 la Secretar\u00eda de la Defensa Nacional (Sedena).<\/p>\n\n\n\n<p>La incorporaci\u00f3n de estas tropas tuvo lugar en la caseta de Costa Rica, donde fueron recibidos por fuerzas especiales de la Sedena y \u201cse integrar\u00e1n a las unidades blindadas Ocelot\u201d que actualmente operan en la capital, llevando a cabo tareas de prevenci\u00f3n y persecuci\u00f3n de delitos.<\/p>\n\n\n\n<p>En menos de un mes han arribado a la entidad m\u00e1s de mil efectivos federales para apoyar en las labores de seguridad en la capital, tras la ola de violencia que comenz\u00f3 a principios de septiembre.<\/p>\n\n\n\n<p>(Informaci\u00f3n de \u201cLa Jornada\u201d)<\/p>\n","protected":false},"excerpt":{"rendered":"<p>Redacci\u00f3n\/Zona Roja Cdmx. Ciudad de M\u00e9xico, a 16 de octubre de 2024.- Nueve personas fueron&hellip;<\/p>\n","protected":false},"author":2,"featured_media":73510,"comment_status":"closed","ping_status":"open","sticky":false,"template":"","format":"standard","meta":{"_lmt_disableupdate":"","_lmt_disable":"","_jetpack_memberships_contains_paid_content":false,"footnotes":""},"categories":[109,47],"tags":[1789],"class_list":["post-73509","post","type-post","status-publish","format-standard","has-post-thumbnail","hentry","category-minuto-a-minuto","category-zona-gris","tag-enfrentamientos-sinaloa"],"jetpack_featured_media_url":"https:\/\/zonaroja.com.mx\/wp-content\/uploads\/2024\/10\/Militares-Sinaloa.jpeg","jetpack_sharing_enabled":true,"_links":{"self":[{"href":"https:\/\/zonaroja.com.mx\/index.php?rest_route=\/wp\/v2\/posts\/73509","targetHints":{"allow":["GET"]}}],"collection":[{"href":"https:\/\/zonaroja.com.mx\/index.php?rest_route=\/wp\/v2\/posts"}],"about":[{"href":"https:\/\/zonaroja.com.mx\/index.php?rest_route=\/wp\/v2\/types\/post"}],"author":[{"embeddable":true,"href":"https:\/\/zonaroja.com.mx\/index.php?rest_route=\/wp\/v2\/users\/2"}],"replies":[{"embeddable":true,"href":"https:\/\/zonaroja.com.mx\/index.php?rest_route=%2Fwp%2Fv2%2Fcomments&post=73509"}],"version-history":[{"count":1,"href":"https:\/\/zonaroja.com.mx\/index.php?rest_route=\/wp\/v2\/posts\/73509\/revisions"}],"predecessor-version":[{"id":73511,"href":"https:\/\/zonaroja.com.mx\/index.php?rest_route=\/wp\/v2\/posts\/73509\/revisions\/73511"}],"wp:featuredmedia":[{"embeddable":true,"href":"https:\/\/zonaroja.com.mx\/index.php?rest_route=\/wp\/v2\/media\/73510"}],"wp:attachment":[{"href":"https:\/\/zonaroja.com.mx\/index.php?rest_route=%2Fwp%2Fv2%2Fmedia&parent=73509"}],"wp:term":[{"taxonomy":"category","embeddable":true,"href":"https:\/\/zonaroja.com.mx\/index.php?rest_route=%2Fwp%2Fv2%2Fcategories&post=73509"},{"taxonomy":"post_tag","embeddable":true,"href":"https:\/\/zonaroja.com.mx\/index.php?rest_route=%2Fwp%2Fv2%2Ftags&post=73509"}],"curies":[{"name":"wp","href":"https:\/\/api.w.org\/{rel}","templated":true}]}}