{"id":73513,"date":"2024-10-16T14:41:01","date_gmt":"2024-10-16T20:41:01","guid":{"rendered":"https:\/\/zonaroja.com.mx\/?p=73513"},"modified":"2024-10-16T14:41:01","modified_gmt":"2024-10-16T20:41:01","slug":"confirma-fiscalia-que-cuerpos-hallados-en-ixtlahuaca-son-de-un-hombre-y-una-mujer","status":"publish","type":"post","link":"https:\/\/zonaroja.com.mx\/?p=73513","title":{"rendered":"Confirma Fiscal\u00eda que cuerpos hallados en Ixtlahuaca son de un hombre y una mujer"},"content":{"rendered":"\n<p class=\"MsoNormal\">Raymundo Morales\/Zona Roja&nbsp;<\/p>\n\n\n\n<p class=\"MsoNormal\">Oaxaca de Ju\u00e1rez, Oax., a 16 de octubre de 2023.- De un hombre y de una mujer son los cuerpos localizados anoche en San Pedro Ixtlahuaca, confirm\u00f3 la Fiscal\u00eda General del Estado de Oaxaca.&nbsp;<\/p>\n\n\n\n<p class=\"MsoNormal\">El hallazgo de los restos humanos en bolsas de pl\u00e1stico ocurri\u00f3&nbsp;durante la noche del martes 15 de octubre de 2024, en un paraje denominado \u201cLa Monja\u201d de dicho municipio conurbado a la capital, detall\u00f3 en un comunicado.&nbsp;<\/p>\n\n\n\n<p class=\"MsoNormal\">Expuso que de inmediato, al sitio se traslad\u00f3 personal del Instituto de Servicios Periciales especializados en diferentes materias, as\u00ed como elementos de la Agencia Estatal de Investigaciones (AEI) y el agente del Ministerio P\u00fablico, que constat\u00f3 la existencia de los restos de los cuerpos de dos personas, una mujer y un hombre, los cuales no han sido identificados y fueron trasladados al anfiteatro para realizar los estudios cient\u00edficos como parte de las labores en torno al caso.<\/p>\n\n\n\n<p class=\"MsoNormal\">&nbsp;\u201cPor lo anterior se inici\u00f3 una carpeta de investigaci\u00f3n por el delito de homicidio, que qued\u00f3 a cargo de la Fiscal\u00eda Especializada para la Atenci\u00f3n a Delitos de Alto Impacto\u201d, agreg\u00f3 en su comunicado.<\/p>\n\n\n\n<p class=\"MsoNormal\">En la zona, colindancia con Santa Cruz Xoxocotl\u00e1n, habr\u00edan localizado tambi\u00e9n presuntos \u201cnarcomensajes\u201d en cartulinas blancas y hasta el momento no hay mayor informaci\u00f3n acerca del m\u00f3vil del doble homicidio as\u00ed como de la identidad y procedencia de los cuerpos.&nbsp;<\/p>\n","protected":false},"excerpt":{"rendered":"<p>Raymundo Morales\/Zona Roja&nbsp; Oaxaca de Ju\u00e1rez, Oax., a 16 de octubre de 2023.- De un&hellip;<\/p>\n","protected":false},"author":2,"featured_media":73512,"comment_status":"closed","ping_status":"open","sticky":false,"template":"","format":"standard","meta":{"_lmt_disableupdate":"","_lmt_disable":"","_jetpack_memberships_contains_paid_content":false,"footnotes":""},"categories":[109,51],"tags":[],"class_list":["post-73513","post","type-post","status-publish","format-standard","has-post-thumbnail","hentry","category-minuto-a-minuto","category-zona-roja"],"jetpack_featured_media_url":"https:\/\/zonaroja.com.mx\/wp-content\/uploads\/2024\/10\/img_6548-1.jpg","jetpack_sharing_enabled":true,"_links":{"self":[{"href":"https:\/\/zonaroja.com.mx\/index.php?rest_route=\/wp\/v2\/posts\/73513","targetHints":{"allow":["GET"]}}],"collection":[{"href":"https:\/\/zonaroja.com.mx\/index.php?rest_route=\/wp\/v2\/posts"}],"about":[{"href":"https:\/\/zonaroja.com.mx\/index.php?rest_route=\/wp\/v2\/types\/post"}],"author":[{"embeddable":true,"href":"https:\/\/zonaroja.com.mx\/index.php?rest_route=\/wp\/v2\/users\/2"}],"replies":[{"embeddable":true,"href":"https:\/\/zonaroja.com.mx\/index.php?rest_route=%2Fwp%2Fv2%2Fcomments&post=73513"}],"version-history":[{"count":1,"href":"https:\/\/zonaroja.com.mx\/index.php?rest_route=\/wp\/v2\/posts\/73513\/revisions"}],"predecessor-version":[{"id":73514,"href":"https:\/\/zonaroja.com.mx\/index.php?rest_route=\/wp\/v2\/posts\/73513\/revisions\/73514"}],"wp:featuredmedia":[{"embeddable":true,"href":"https:\/\/zonaroja.com.mx\/index.php?rest_route=\/wp\/v2\/media\/73512"}],"wp:attachment":[{"href":"https:\/\/zonaroja.com.mx\/index.php?rest_route=%2Fwp%2Fv2%2Fmedia&parent=73513"}],"wp:term":[{"taxonomy":"category","embeddable":true,"href":"https:\/\/zonaroja.com.mx\/index.php?rest_route=%2Fwp%2Fv2%2Fcategories&post=73513"},{"taxonomy":"post_tag","embeddable":true,"href":"https:\/\/zonaroja.com.mx\/index.php?rest_route=%2Fwp%2Fv2%2Ftags&post=73513"}],"curies":[{"name":"wp","href":"https:\/\/api.w.org\/{rel}","templated":true}]}}