{"id":73515,"date":"2024-10-16T17:54:42","date_gmt":"2024-10-16T23:54:42","guid":{"rendered":"https:\/\/zonaroja.com.mx\/?p=73515"},"modified":"2024-10-16T17:54:44","modified_gmt":"2024-10-16T23:54:44","slug":"asesinan-a-balazos-a-dos-mujeres-en-oaxaca-este-miercoles","status":"publish","type":"post","link":"https:\/\/zonaroja.com.mx\/?p=73515","title":{"rendered":"Asesinan a balazos a dos mujeres en Oaxaca, este mi\u00e9rcoles"},"content":{"rendered":"\n<p>Ismael Garc\u00eda M.\/Zona Roja.<\/p>\n\n\n\n<p>Oaxaca de Ju\u00e1rez, Oax., a 16 de octubre de 2024.- Dos mujeres fueron asesinadas por disparos de arma de fuego en Oaxaca, en dos hechos distintos ocurridos este lunes.<\/p>\n\n\n\n<p>El m\u00e1s reciente caso ocurri\u00f3 en Santa Catarina Loxicha, municipio de la regi\u00f3n Costa de Oaxaca, donde acribillaron a quien fue identificada como Elena M. B., de 45 a\u00f1os de edad, de acuerdo con reporte de la autoridad municipal.<\/p>\n\n\n\n<p>Fue en un domicilio de la localidad de Santo Tom\u00e1s donde fue localizado el cad\u00e1ver y a\u00fan se desconoce qui\u00e9n o quienes la asesinaron; dej\u00f3 en la orfandad a una menor de edad.<\/p>\n\n\n\n<p>El otro caso ocurri\u00f3 en La Ventosa, agencia municipal de Juchit\u00e1n de Zaragoza, regi\u00f3n del Istmo, donde tambi\u00e9n en un domicilio dispararon en contra de una ama de casa.<\/p>\n\n\n\n<p>La v\u00edctima fue identificada como Elena C. M., de 45 a\u00f1os de edad, y fue acribillada en el puesto de comida afuera de su hogar. A\u00fan se desconoce el m\u00f3vil de este crimen y la femenina presenta varios impactos de arma de grueso calibre, uno de ellos en la cabeza.<\/p>\n\n\n\n<p>La Fiscal\u00eda General del Estado de Oaxaca inform\u00f3 que investiga ambos casos, bajo los protocolos de feminicidio.<\/p>\n\n\n\n<p>Por otra parte, otro hecho delictivo ocurri\u00f3 en la ciudad de Juchit\u00e1n de Zaragoza, donde atacaron a balazos a un menor de 15 a\u00f1os de edad, identificado como E. C. G.<\/p>\n\n\n\n<p>El adolescente fue agredido cuando transitaba en una unidad de motor frente a una tienda de autopartes para veh\u00edculos; recibi\u00f3 varios impactos de arma de uso exclusivo del Ej\u00e9rcito y fue trasladado a un hospital, donde lo reportan grave de salud.<\/p>\n","protected":false},"excerpt":{"rendered":"<p>Ismael Garc\u00eda M.\/Zona Roja. Oaxaca de Ju\u00e1rez, Oax., a 16 de octubre de 2024.- Dos&hellip;<\/p>\n","protected":false},"author":2,"featured_media":68132,"comment_status":"closed","ping_status":"open","sticky":false,"template":"","format":"standard","meta":{"_lmt_disableupdate":"","_lmt_disable":"","_jetpack_memberships_contains_paid_content":false,"footnotes":""},"categories":[109,51],"tags":[97,1140],"class_list":["post-73515","post","type-post","status-publish","format-standard","has-post-thumbnail","hentry","category-minuto-a-minuto","category-zona-roja","tag-feminicidios","tag-juchita-de-zaragoza"],"jetpack_featured_media_url":"https:\/\/zonaroja.com.mx\/wp-content\/uploads\/2024\/05\/Feminicidio-asesinato-mujer.jpeg","jetpack_sharing_enabled":true,"_links":{"self":[{"href":"https:\/\/zonaroja.com.mx\/index.php?rest_route=\/wp\/v2\/posts\/73515","targetHints":{"allow":["GET"]}}],"collection":[{"href":"https:\/\/zonaroja.com.mx\/index.php?rest_route=\/wp\/v2\/posts"}],"about":[{"href":"https:\/\/zonaroja.com.mx\/index.php?rest_route=\/wp\/v2\/types\/post"}],"author":[{"embeddable":true,"href":"https:\/\/zonaroja.com.mx\/index.php?rest_route=\/wp\/v2\/users\/2"}],"replies":[{"embeddable":true,"href":"https:\/\/zonaroja.com.mx\/index.php?rest_route=%2Fwp%2Fv2%2Fcomments&post=73515"}],"version-history":[{"count":1,"href":"https:\/\/zonaroja.com.mx\/index.php?rest_route=\/wp\/v2\/posts\/73515\/revisions"}],"predecessor-version":[{"id":73516,"href":"https:\/\/zonaroja.com.mx\/index.php?rest_route=\/wp\/v2\/posts\/73515\/revisions\/73516"}],"wp:featuredmedia":[{"embeddable":true,"href":"https:\/\/zonaroja.com.mx\/index.php?rest_route=\/wp\/v2\/media\/68132"}],"wp:attachment":[{"href":"https:\/\/zonaroja.com.mx\/index.php?rest_route=%2Fwp%2Fv2%2Fmedia&parent=73515"}],"wp:term":[{"taxonomy":"category","embeddable":true,"href":"https:\/\/zonaroja.com.mx\/index.php?rest_route=%2Fwp%2Fv2%2Fcategories&post=73515"},{"taxonomy":"post_tag","embeddable":true,"href":"https:\/\/zonaroja.com.mx\/index.php?rest_route=%2Fwp%2Fv2%2Ftags&post=73515"}],"curies":[{"name":"wp","href":"https:\/\/api.w.org\/{rel}","templated":true}]}}