{"id":73517,"date":"2024-10-16T19:47:11","date_gmt":"2024-10-17T01:47:11","guid":{"rendered":"https:\/\/zonaroja.com.mx\/?p=73517"},"modified":"2024-10-16T19:47:14","modified_gmt":"2024-10-17T01:47:14","slug":"libra-garcia-luna-cadena-perpetua-en-eu-lo-sentencian-a-38-anos-de-prision","status":"publish","type":"post","link":"https:\/\/zonaroja.com.mx\/?p=73517","title":{"rendered":"Libra Garc\u00eda Luna cadena perpetua; en EU lo sentencian a 38 a\u00f1os de prisi\u00f3n"},"content":{"rendered":"\n<p>Redacci\u00f3n\/Zona Roja Cdmx.<\/p>\n\n\n\n<p>Ciudad de M\u00e9xico, a 16 de octubre de 2024.- El juicio de Genaro Garc\u00eda Luna lleg\u00f3 a una de las etapas clave en el proceso: la sentencia que se dio a conocer este mi\u00e9rcoles 16 de octubre.<\/p>\n\n\n\n<p>Vestido de saco azul y camisa blanca en sustituci\u00f3n del traje naranja que portan los reos, el exsecretario de Seguridad P\u00fablica en el sexenio de Felipe Calder\u00f3n fue condenado a 460 meses de prisi\u00f3n luego de ser hallado culpable de cinco delitos.<\/p>\n\n\n\n<p>Tras la audiencia de Garc\u00eda Luna, se ha informado que se le han otorgado 460 meses de prisi\u00f3n por cargos de delitos diferentes, seg\u00fan el fallo del juez Brian Cogan. Esto ser\u00edan poco m\u00e1s de 38 a\u00f1os.<\/p>\n\n\n\n<p>Tambi\u00e9n se impuso una multa de 2 millones de d\u00f3lares, por el primer cargo. En tanto, por los cargos del 1 a 4, cinco a\u00f1os de libertad supervisada. En tanto, por el cargo n\u00famero 5, son 6 meses de prisi\u00f3n.<\/p>\n\n\n\n<p>La defensa de Garc\u00eda Luna hab\u00eda solicitado que fueran m\u00e1ximo unos 20 a\u00f1os de prisi\u00f3n para el exfuncionario.<\/p>\n\n\n\n<p>Seg\u00fan los reportes, el juez Cogan dijo que no le daba una sentencia de cadena perpetua porque deseaba darle \u201cuna luz al final del tunel\u201d. Esto bajo el argumento que, durante los a\u00f1os en que ha estado encarcelado, Garc\u00eda Luna ha dado clases en el lugar.<\/p>\n\n\n\n<p>Con dicha sentencia, el exsecretario de Seguridad saldr\u00eda de la c\u00e1rcel con m\u00e1s de 90 a\u00f1os de edad.<\/p>\n\n\n\n<p>Mientras los abogados de Garc\u00eda Luna ped\u00edan una sentencia de 20 a\u00f1os de prisi\u00f3n, la Fiscal\u00eda solicit\u00f3 al juez Brian Cogan que impusiera la pena m\u00e1xima de cadena perpetua.<\/p>\n\n\n\n<p>El ex encargado de liderar \u2018la guerra contra el narco\u2019 en M\u00e9xico enfrenta ahora una pena de m\u00e1s de 30 a\u00f1os.<\/p>\n\n\n\n<p>Esta es un evento hist\u00f3rico pues Garc\u00eda Luna es el funcionario mexicano de m\u00e1s alto nivel que recibe una sentencia de este tipo en Estados Unidos por sus presuntos v\u00ednculos con el narcotr\u00e1fico.<\/p>\n\n\n\n<p>Garc\u00eda Luna permanecer\u00e1 preso, por ahora, en el Centro de Detenci\u00f3n Metropolitano de Brooklyn, a donde ingres\u00f3 en diciembre de 2019, siete d\u00edas despu\u00e9s de ser detenido en Dallas, Texas.<\/p>\n\n\n\n<p>La culpabilidad de Garc\u00eda Luna la determin\u00f3 un jurado ciudadano, conformado por siete mujeres y cinco hombres que, en 17 sesiones, escucharon a 26 testigos de la Fiscal\u00eda, y declararon contra el ex funcionario mexicano.<\/p>\n\n\n\n<p>El Jurado se dijo convencido de que Garc\u00eda Luna recibi\u00f3 millones de d\u00f3lares de los c\u00e1rteles de Sinaloa y Beltr\u00e1n Leyva. As\u00ed lo dictaba la narrativa que hilvan\u00f3 la Fiscal\u00eda estadounidense, con base en el dicho de nueve narcotraficantes, entre otros testigos, quienes dijeron que Garc\u00eda Luna los protegi\u00f3.<\/p>\n\n\n\n<p>El juez Brian Cogan, en su discurso final en el que ley\u00f3 la sentencia, lo acus\u00f3 de haber llevado una doble vida, \u201ccompatibilizando su papel en una entra\u00f1able familia con otro como facilitador de una gran empresa criminal\u201d al servicio del cartel de Sinaloa.<\/p>\n\n\n\n<p>La sentencia a Garc\u00eda Luna se pospuso al menos en cinco ocasiones. \u00c9l ha reiterado su inocencia en una carta hecha p\u00fablica por su abogado semanas atr\u00e1s. En el documento, el exfuncionario mexicano denunci\u00f3 represalias de la Fiscal\u00eda de Nueva York por no aceptar un acuerdo de culpabilidad en 2019.<\/p>\n\n\n\n<p>El mexicano esper\u00f3 su sentencia como reo de la \u2018c\u00e1rcel de los famosos\u2019, una prisi\u00f3n federal de Brooklyn, donde tambi\u00e9n est\u00e1n detenidos Ismael \u2018El Mayo\u2019 Zambada, el rapero Sean \u2018Diddy\u2019 Combs y el exmagnate de las criptomonedas Sam Bankman-Fried.<\/p>\n\n\n\n<p>Linda Cristina Pereyra, esposa de Genaro Garc\u00eda Luna, lleg\u00f3 a la sede de la Corte para el distrito Este de Nueva York minutos antes de la audiencia, acompa\u00f1ada de Luna Sof\u00eda Garc\u00eda Pereyra, una de los dos hijos que tuvo de su matrimonio con el exsecretario.<\/p>\n\n\n\n<p>Los familiares de Garc\u00eda Luna fueron recibidos con gritos de \u2018\u00a1Justicia!\u2019 y \u2018\u00a1Sigues tu, Felipe Calder\u00f3n!\u2019, de acuerdo con un video compartido por el periodista El\u00edas Camhaji.<\/p>\n\n\n\n<p>El acusado, que se desempe\u00f1\u00f3 como secretario de Seguridad P\u00fablica durante el sexenio de Felipe Calder\u00f3n (2006-2012), fue declarado culpable en febrero de 2023 de cinco cargos relacionados con el narcotr\u00e1fico de coca\u00edna, relaci\u00f3n con una empresa criminal del Cartel de Sinaloa y falso testimonio tras un juicio.<\/p>\n\n\n\n<p>(Informaci\u00f3n de \u201cEl Financiero\u201d)<\/p>\n","protected":false},"excerpt":{"rendered":"<p>Redacci\u00f3n\/Zona Roja Cdmx. Ciudad de M\u00e9xico, a 16 de octubre de 2024.- El juicio de&hellip;<\/p>\n","protected":false},"author":2,"featured_media":73518,"comment_status":"closed","ping_status":"open","sticky":false,"template":"","format":"standard","meta":{"_lmt_disableupdate":"","_lmt_disable":"","_jetpack_memberships_contains_paid_content":false,"footnotes":""},"categories":[109,47],"tags":[1123],"class_list":["post-73517","post","type-post","status-publish","format-standard","has-post-thumbnail","hentry","category-minuto-a-minuto","category-zona-gris","tag-genaro-garcia-luna"],"jetpack_featured_media_url":"https:\/\/zonaroja.com.mx\/wp-content\/uploads\/2024\/10\/Genaro-Gasrcia-Luna.jpg","jetpack_sharing_enabled":true,"_links":{"self":[{"href":"https:\/\/zonaroja.com.mx\/index.php?rest_route=\/wp\/v2\/posts\/73517","targetHints":{"allow":["GET"]}}],"collection":[{"href":"https:\/\/zonaroja.com.mx\/index.php?rest_route=\/wp\/v2\/posts"}],"about":[{"href":"https:\/\/zonaroja.com.mx\/index.php?rest_route=\/wp\/v2\/types\/post"}],"author":[{"embeddable":true,"href":"https:\/\/zonaroja.com.mx\/index.php?rest_route=\/wp\/v2\/users\/2"}],"replies":[{"embeddable":true,"href":"https:\/\/zonaroja.com.mx\/index.php?rest_route=%2Fwp%2Fv2%2Fcomments&post=73517"}],"version-history":[{"count":1,"href":"https:\/\/zonaroja.com.mx\/index.php?rest_route=\/wp\/v2\/posts\/73517\/revisions"}],"predecessor-version":[{"id":73519,"href":"https:\/\/zonaroja.com.mx\/index.php?rest_route=\/wp\/v2\/posts\/73517\/revisions\/73519"}],"wp:featuredmedia":[{"embeddable":true,"href":"https:\/\/zonaroja.com.mx\/index.php?rest_route=\/wp\/v2\/media\/73518"}],"wp:attachment":[{"href":"https:\/\/zonaroja.com.mx\/index.php?rest_route=%2Fwp%2Fv2%2Fmedia&parent=73517"}],"wp:term":[{"taxonomy":"category","embeddable":true,"href":"https:\/\/zonaroja.com.mx\/index.php?rest_route=%2Fwp%2Fv2%2Fcategories&post=73517"},{"taxonomy":"post_tag","embeddable":true,"href":"https:\/\/zonaroja.com.mx\/index.php?rest_route=%2Fwp%2Fv2%2Ftags&post=73517"}],"curies":[{"name":"wp","href":"https:\/\/api.w.org\/{rel}","templated":true}]}}