{"id":73520,"date":"2024-10-16T20:53:48","date_gmt":"2024-10-17T02:53:48","guid":{"rendered":"https:\/\/zonaroja.com.mx\/?p=73520"},"modified":"2024-10-16T20:53:50","modified_gmt":"2024-10-17T02:53:50","slug":"relatora-especial-de-la-onu-se-pronuncia-por-caso-sandra-dominguez","status":"publish","type":"post","link":"https:\/\/zonaroja.com.mx\/?p=73520","title":{"rendered":"Relatora especial de la ONU se pronuncia por caso Sandra Dom\u00ednguez"},"content":{"rendered":"\n<p>Ismael Garc\u00eda M.\/Zona Roja.<\/p>\n\n\n\n<p>Oaxaca de Ju\u00e1rez, Oax., a 16 de octubre de 2024.- \u201cMe sumo a las declaraciones de grave preocupaci\u00f3n por la desaparici\u00f3n de la abogada y defensora de derechos humanos Sandra Dom\u00ednguez y su esposo en M\u00e9xico. Insto a las autoridades a hacer todo lo posible para encontrarlos\u201d.<\/p>\n\n\n\n<p>El pronunciamiento es de la Relatora Especial de la ONU para defensores de derechos humanos, Mary Lawlor, quien demand\u00f3 tambi\u00e9n al Estado mexicano agilizar la b\u00fasqueda de la pareja, desaparecida el pasado 4 de octubre en Mar\u00eda Lombardo de Caso, San Juan Cotzoc\u00f3n Mixe.<\/p>\n\n\n\n<p>Apenas hace tres d\u00edas, la Oficina del Alto Comisionado para los Derechos Humanos se manifest\u00f3 tambi\u00e9n porque las instituciones del pa\u00eds se coordinen para localizarlos y esclarecer los hechos.<\/p>\n\n\n\n<p>Este mi\u00e9rcoles, al cumplirse 12 d\u00edas de la desaparici\u00f3n de Sandra Dom\u00ednguez y Alexander Hern\u00e1ndez, organismos de la sociedad civil, principalmente \u201cSol Rojo\u201d, acompa\u00f1aron a la familia de la activista en una marcha que parti\u00f3 de la fuente de las Ocho Regiones y culmin\u00f3 en el z\u00f3calo de la capital oaxaque\u00f1a.<\/p>\n\n\n\n<p>Frente al Palacio de Gobierno, dieron una conferencia de prensa, en que precisaron que buscan hacer llegar a la Presidenta de M\u00e9xico, Claudia Sheinbaum, as\u00ed como al gobernador Salom\u00f3n Jara Cruz, cartas para pedir su intervenci\u00f3n y agilizar las b\u00fasquedas.<\/p>\n\n\n\n<p>\u201cQueremos exigir la aparici\u00f3n de mi hermana con vida, estos d\u00edas son cruciales y estamos desesperados, pero agradecemos su apoyo porque sin ustedes no nos hubieran hecho caso\u201d, dijo Aracely Dom\u00ednguez, hermana de Sandra.<\/p>\n\n\n\n<p>\u201cEs lamentable, porque vemos que aunque el Estado nos est\u00e1 apoyando, vemos muchas deficiencias y si ahorita en el caso de Sandra que est\u00e1 muy sonado, imag\u00ednense con los otros casos; es muy lamentable la situaci\u00f3n y hemos visto que no nada m\u00e1s es el caso de Sandra sino de muchas m\u00e1s\u201d.<\/p>\n\n\n\n<p>Lament\u00f3 que las autoridades denigren y denuesten a las personas desaparecidas y que no est\u00e9n para defenderse.<\/p>\n\n\n\n<p>A su vez, Kenya indic\u00f3 que buscar\u00e1n la forma de llegar a la Presidenta para hacerle saber del caso y exigir su intervenci\u00f3n inmediata, \u201cporque s\u00ed es una situaci\u00f3n donde una defensora de los derechos humanos ha sido pues lamentablemente levantada, no sabemos por qui\u00e9n; pedimos que se acaten todas las l\u00edneas de investigaci\u00f3n\u201d.<\/p>\n\n\n\n<p>Tras la conferencia, se acercaron a la puerta principal del Palacio de Gobierno para entregar las cartas; sin embargo, les fue cerrado el acceso.<\/p>\n\n\n\n<p>\u201cNosotros tememos por nuestra vida; sin embargo, a trav\u00e9s de los a\u00f1os se ha sembrado sin miedo\u201d, recalc\u00f3. \u201cAgradezco a la Fiscal\u00eda de Oaxaca que ha hecho acciones inmediatas; sin embargo, no me ha respondido el gobernador, porque este es un asunto que debe ser llevado a nivel nacional\u201d.<\/p>\n\n\n\n<p>Tras ello, la titular de la Coordinaci\u00f3n para la Atenci\u00f3n de los Derechos Humanos, Estela Morales, y la de la Comisi\u00f3n Estatal de B\u00fasqueda, Michelle Juli\u00e1n L\u00f3pez, as\u00ed como una representante de Atenci\u00f3n Ciudadana, se acercaron para dialogar, pero tras momentos r\u00edspidos, hubo una pausa.<\/p>\n\n\n\n<p>Luego de una hora, se retiraron integrantes de la organizaci\u00f3n \u201cSol Rojo\u201d y tras ello los familiares, bajo la promesa de obtener una reuni\u00f3n con el mandatario Salom\u00f3n Jara Cruz, quien se encuentra de gira por Portugal.<\/p>\n","protected":false},"excerpt":{"rendered":"<p>Ismael Garc\u00eda M.\/Zona Roja. Oaxaca de Ju\u00e1rez, Oax., a 16 de octubre de 2024.- \u201cMe&hellip;<\/p>\n","protected":false},"author":2,"featured_media":73521,"comment_status":"closed","ping_status":"open","sticky":false,"template":"","format":"standard","meta":{"_lmt_disableupdate":"","_lmt_disable":"","_jetpack_memberships_contains_paid_content":false,"footnotes":""},"categories":[109,47],"tags":[4086],"class_list":["post-73520","post","type-post","status-publish","format-standard","has-post-thumbnail","hentry","category-minuto-a-minuto","category-zona-gris","tag-sandra-dominguez"],"jetpack_featured_media_url":"https:\/\/zonaroja.com.mx\/wp-content\/uploads\/2024\/10\/Marcha-Sandra-Dominguez.jpg","jetpack_sharing_enabled":true,"_links":{"self":[{"href":"https:\/\/zonaroja.com.mx\/index.php?rest_route=\/wp\/v2\/posts\/73520","targetHints":{"allow":["GET"]}}],"collection":[{"href":"https:\/\/zonaroja.com.mx\/index.php?rest_route=\/wp\/v2\/posts"}],"about":[{"href":"https:\/\/zonaroja.com.mx\/index.php?rest_route=\/wp\/v2\/types\/post"}],"author":[{"embeddable":true,"href":"https:\/\/zonaroja.com.mx\/index.php?rest_route=\/wp\/v2\/users\/2"}],"replies":[{"embeddable":true,"href":"https:\/\/zonaroja.com.mx\/index.php?rest_route=%2Fwp%2Fv2%2Fcomments&post=73520"}],"version-history":[{"count":1,"href":"https:\/\/zonaroja.com.mx\/index.php?rest_route=\/wp\/v2\/posts\/73520\/revisions"}],"predecessor-version":[{"id":73522,"href":"https:\/\/zonaroja.com.mx\/index.php?rest_route=\/wp\/v2\/posts\/73520\/revisions\/73522"}],"wp:featuredmedia":[{"embeddable":true,"href":"https:\/\/zonaroja.com.mx\/index.php?rest_route=\/wp\/v2\/media\/73521"}],"wp:attachment":[{"href":"https:\/\/zonaroja.com.mx\/index.php?rest_route=%2Fwp%2Fv2%2Fmedia&parent=73520"}],"wp:term":[{"taxonomy":"category","embeddable":true,"href":"https:\/\/zonaroja.com.mx\/index.php?rest_route=%2Fwp%2Fv2%2Fcategories&post=73520"},{"taxonomy":"post_tag","embeddable":true,"href":"https:\/\/zonaroja.com.mx\/index.php?rest_route=%2Fwp%2Fv2%2Ftags&post=73520"}],"curies":[{"name":"wp","href":"https:\/\/api.w.org\/{rel}","templated":true}]}}