{"id":73523,"date":"2024-10-16T22:11:47","date_gmt":"2024-10-17T04:11:47","guid":{"rendered":"https:\/\/zonaroja.com.mx\/?p=73523"},"modified":"2024-10-16T22:11:49","modified_gmt":"2024-10-17T04:11:49","slug":"asesinan-a-otras-dos-personas-en-la-mixteca-y-la-costa","status":"publish","type":"post","link":"https:\/\/zonaroja.com.mx\/?p=73523","title":{"rendered":"Asesinan a otras dos personas, en la Mixteca y la Costa"},"content":{"rendered":"\n<p>Raymundo Morales\/Zona Roja.<\/p>\n\n\n\n<p>Oaxaca de Ju\u00e1rez, Oax., a 16 de octubre de 2024.- Otras dos personas fueron asesinadas en las \u00faltimas horas en el estado de Oaxaca.<\/p>\n\n\n\n<p>Un cuerpo sin vida, ya en estado de descomposici\u00f3n, fue hallado este mi\u00e9rcoles en San Jos\u00e9 Estancia Grande, municipio de la regi\u00f3n Costa del estado.<\/p>\n\n\n\n<p>Personal de la Vicefiscal\u00eda Regional de la Costa se traslad\u00f3 a la zona para verificar el caso e iniciar las indagatorias correspondientes; hasta esta noche no se ha dado a conocer la identidad de la v\u00edctima.<\/p>\n\n\n\n<p>Mientras que en San Juan Mixtepec, municipio de la regi\u00f3n Mixteca, este martes fue asesinada por disparos de arma de fuego una persona del sexo masculino.<\/p>\n\n\n\n<p>Presuntamente pobladores de Santo Domingo Yoso\u00f1ama atacaron a balazos a un grupo de personas que se encontraba en la agencia Cuajilote, lo que dej\u00f3 como saldo una v\u00edctima fatal.<\/p>\n\n\n\n<p>El hoy occiso fue identificado como Gabriel L. R., quien perdi\u00f3 la vida en un hospital de Santiago Juxtlahuaca, debido a la gravedad de las heridas.<\/p>\n\n\n\n<p>La autoridad municipal de San Juan Mixtepec ha exigido en reiteradas ocasiones al gobierno se ponga un alto a los constantes ataques de su vecinos de Yoso\u00f1ama, derivado de un conflicto agrario.<\/p>\n","protected":false},"excerpt":{"rendered":"<p>Raymundo Morales\/Zona Roja. Oaxaca de Ju\u00e1rez, Oax., a 16 de octubre de 2024.- Otras dos&hellip;<\/p>\n","protected":false},"author":2,"featured_media":69717,"comment_status":"closed","ping_status":"open","sticky":false,"template":"","format":"standard","meta":{"_lmt_disableupdate":"","_lmt_disable":"","_jetpack_memberships_contains_paid_content":false,"footnotes":""},"categories":[109,51],"tags":[1768],"class_list":["post-73523","post","type-post","status-publish","format-standard","has-post-thumbnail","hentry","category-minuto-a-minuto","category-zona-roja","tag-san-juan-mixtepec"],"jetpack_featured_media_url":"https:\/\/zonaroja.com.mx\/wp-content\/uploads\/2024\/06\/Escena-del-crimen-asesinato.jpeg","jetpack_sharing_enabled":true,"_links":{"self":[{"href":"https:\/\/zonaroja.com.mx\/index.php?rest_route=\/wp\/v2\/posts\/73523","targetHints":{"allow":["GET"]}}],"collection":[{"href":"https:\/\/zonaroja.com.mx\/index.php?rest_route=\/wp\/v2\/posts"}],"about":[{"href":"https:\/\/zonaroja.com.mx\/index.php?rest_route=\/wp\/v2\/types\/post"}],"author":[{"embeddable":true,"href":"https:\/\/zonaroja.com.mx\/index.php?rest_route=\/wp\/v2\/users\/2"}],"replies":[{"embeddable":true,"href":"https:\/\/zonaroja.com.mx\/index.php?rest_route=%2Fwp%2Fv2%2Fcomments&post=73523"}],"version-history":[{"count":1,"href":"https:\/\/zonaroja.com.mx\/index.php?rest_route=\/wp\/v2\/posts\/73523\/revisions"}],"predecessor-version":[{"id":73524,"href":"https:\/\/zonaroja.com.mx\/index.php?rest_route=\/wp\/v2\/posts\/73523\/revisions\/73524"}],"wp:featuredmedia":[{"embeddable":true,"href":"https:\/\/zonaroja.com.mx\/index.php?rest_route=\/wp\/v2\/media\/69717"}],"wp:attachment":[{"href":"https:\/\/zonaroja.com.mx\/index.php?rest_route=%2Fwp%2Fv2%2Fmedia&parent=73523"}],"wp:term":[{"taxonomy":"category","embeddable":true,"href":"https:\/\/zonaroja.com.mx\/index.php?rest_route=%2Fwp%2Fv2%2Fcategories&post=73523"},{"taxonomy":"post_tag","embeddable":true,"href":"https:\/\/zonaroja.com.mx\/index.php?rest_route=%2Fwp%2Fv2%2Ftags&post=73523"}],"curies":[{"name":"wp","href":"https:\/\/api.w.org\/{rel}","templated":true}]}}