{"id":73525,"date":"2024-10-17T06:56:11","date_gmt":"2024-10-17T12:56:11","guid":{"rendered":"https:\/\/zonaroja.com.mx\/?p=73525"},"modified":"2024-10-17T06:56:17","modified_gmt":"2024-10-17T12:56:17","slug":"aprueba-consejo-de-judicatura-reanudar-labores-en-poder-judicial","status":"publish","type":"post","link":"https:\/\/zonaroja.com.mx\/?p=73525","title":{"rendered":"Aprueba Consejo de Judicatura reanudar labores en Poder Judicial"},"content":{"rendered":"\n<p>Redacci\u00f3n\/Zona Roja Cdmx.<\/p>\n\n\n\n<p>Ciudad de M\u00e9xico., a 17 de octubre de 2024.-&nbsp;Por unanimidad de seis votos -porque no asisti\u00f3 la consejera Lilia M\u00f3nica L\u00f3pez Ben\u00edtez &#8211; el pleno del Consejo de la Judicatura federal determin\u00f3 que ya se reinicien labores en los tribunales y juzgados federales y que sean los impartidores de justicia quienes&nbsp;\u201cest\u00e1n obligados a dar cumplimiento a las disposiciones en materia administrativa, entre otras, el control de asistencia a fin de garantizar el \u00f3ptimo desempe\u00f1o del servicio p\u00fablico de impartici\u00f3n de justicia\u201d.&nbsp;&nbsp;<\/p>\n\n\n\n<p>Durante una sesi\u00f3n que dur\u00f3 m\u00e1s de tres horas, en la que se vieron otros asuntos relacionados con la operaci\u00f3n de la Judicatura, se abord\u00f3 el pronunciamiento de este \u00f3rgano del Poder Judicial de la Federaci\u00f3n en el sentido del regreso a laborar.<\/p>\n\n\n\n<p>Fuentes de la Judicatura mencionaron que en la circular que se emitir\u00e1 en las pr\u00f3ximas horas se hace un recuento desde que inicio el conflicto el pasado 19 de agosto, as\u00ed como de las demandas planteadas por las organizaciones que representa a los m\u00e1s de 50 mil trabajadores, se concluy\u00f3 que las demandas han sido atendidas.<\/p>\n\n\n\n<p>Asimismo, que se analiz\u00f3 la decisi\u00f3n mayoritaria de jueces y magistrados, de la semana pasada decidieron que se regresara a laborar.<\/p>\n\n\n\n<p>Durante esta sesi\u00f3n&nbsp;s\u00ed se discuti\u00f3 la cancelaci\u00f3n del articulo 51 bis del Acuerdo General del pleno del CJF que establece que los titulares de los \u00f3rganos jurisdiccionales puedan remover a un trabajador de base, pero ser\u00e1 hasta la semana pr\u00f3xima cuando se tome una determinaci\u00f3n.<\/p>\n\n\n\n<p>HAY INCONFORMIDAD<\/p>\n\n\n\n<p>Luego de que por unanimidad de seis votos el pleno del Consejo de la Judicatura federal determin\u00f3 que ya se reinicien labores en los tribunales y juzgados federales, la Asociaci\u00f3n Nacional de Magistrados de Circuito y Jueces de Distrito del Poder Judicial de la Federaci\u00f3n (Jufed), expres\u00f3 su profunda preocupaci\u00f3n ante la falta de condiciones necesarias para que los \u00f3rganos jurisdiccionales puedan reanudar sus actividades en un ambiente de normalidad.<\/p>\n\n\n\n<p>Asimismo, manifestaron su total desacuerdo con la determinaci\u00f3n de que sean los titulares de los \u00f3rganos jurisdiccionales, quienes informen qu\u00e9 personas trabajadoras no acuden a laborar, especialmente cuando la solidaridad y el apoyo rec\u00edproco entre titulares y trabajadores, en esta lucha contra la injusta destrucci\u00f3n de la carrera judicial y la independencia del Poder Judicial, han sido reiterados en m\u00faltiples ocasiones.<\/p>\n\n\n\n<p>Despu\u00e9s de llevar a cabo una sesi\u00f3n extraordinaria entre los integrantes de la Directiva Nacional y los Directores Regionales de la Asociaci\u00f3n, rechazaron \u201cde manera un\u00e1nime y con firmeza la actitud poco emp\u00e1tica que se ha manifestado hacia la leg\u00edtima protesta de las personas trabajadoras y juzgadoras del Poder Judicial de la Federaci\u00f3n por parte del Consejo de la Judicatura Federal, a quien desde un inicio se solicit\u00f3 que todas las decisiones vinculadas con este proceso se adoptaran escuchando tanto a la representaci\u00f3n de Jufed como de la base trabajadora, quienes hemos ejercido el derecho a la defensa de la independencia judicial y de la carrera judicial, actualmente amenazadas\u201d.<\/p>\n\n\n\n<p>(Informaci\u00f3n de \u201cLa Jornada\u201d)<\/p>\n","protected":false},"excerpt":{"rendered":"<p>Redacci\u00f3n\/Zona Roja Cdmx. Ciudad de M\u00e9xico., a 17 de octubre de 2024.-&nbsp;Por unanimidad de seis&hellip;<\/p>\n","protected":false},"author":2,"featured_media":73526,"comment_status":"closed","ping_status":"open","sticky":false,"template":"","format":"standard","meta":{"_lmt_disableupdate":"","_lmt_disable":"","_jetpack_memberships_contains_paid_content":false,"footnotes":""},"categories":[109,46],"tags":[3707],"class_list":["post-73525","post","type-post","status-publish","format-standard","has-post-thumbnail","hentry","category-minuto-a-minuto","category-zona-blanca","tag-poder-judicial-de-la-federacion"],"jetpack_featured_media_url":"https:\/\/zonaroja.com.mx\/wp-content\/uploads\/2024\/10\/Protesta-poder-judicial-federal-en-Oaxaca.jpg","jetpack_sharing_enabled":true,"_links":{"self":[{"href":"https:\/\/zonaroja.com.mx\/index.php?rest_route=\/wp\/v2\/posts\/73525","targetHints":{"allow":["GET"]}}],"collection":[{"href":"https:\/\/zonaroja.com.mx\/index.php?rest_route=\/wp\/v2\/posts"}],"about":[{"href":"https:\/\/zonaroja.com.mx\/index.php?rest_route=\/wp\/v2\/types\/post"}],"author":[{"embeddable":true,"href":"https:\/\/zonaroja.com.mx\/index.php?rest_route=\/wp\/v2\/users\/2"}],"replies":[{"embeddable":true,"href":"https:\/\/zonaroja.com.mx\/index.php?rest_route=%2Fwp%2Fv2%2Fcomments&post=73525"}],"version-history":[{"count":1,"href":"https:\/\/zonaroja.com.mx\/index.php?rest_route=\/wp\/v2\/posts\/73525\/revisions"}],"predecessor-version":[{"id":73527,"href":"https:\/\/zonaroja.com.mx\/index.php?rest_route=\/wp\/v2\/posts\/73525\/revisions\/73527"}],"wp:featuredmedia":[{"embeddable":true,"href":"https:\/\/zonaroja.com.mx\/index.php?rest_route=\/wp\/v2\/media\/73526"}],"wp:attachment":[{"href":"https:\/\/zonaroja.com.mx\/index.php?rest_route=%2Fwp%2Fv2%2Fmedia&parent=73525"}],"wp:term":[{"taxonomy":"category","embeddable":true,"href":"https:\/\/zonaroja.com.mx\/index.php?rest_route=%2Fwp%2Fv2%2Fcategories&post=73525"},{"taxonomy":"post_tag","embeddable":true,"href":"https:\/\/zonaroja.com.mx\/index.php?rest_route=%2Fwp%2Fv2%2Ftags&post=73525"}],"curies":[{"name":"wp","href":"https:\/\/api.w.org\/{rel}","templated":true}]}}