{"id":73528,"date":"2024-10-17T12:30:00","date_gmt":"2024-10-17T18:30:00","guid":{"rendered":"https:\/\/zonaroja.com.mx\/?p=73528"},"modified":"2024-10-17T06:58:53","modified_gmt":"2024-10-17T12:58:53","slug":"opinion-la-historica-oaxaca","status":"publish","type":"post","link":"https:\/\/zonaroja.com.mx\/?p=73528","title":{"rendered":"Opini\u00f3n. La hist\u00f3rica Oaxaca"},"content":{"rendered":"\n<p>N\u00e9stor Y. S\u00e1nchez Islas<\/p>\n\n\n\n<p>No puedo dejar de ver que nuestra tierra vive un momento hist\u00f3rico.&nbsp;No por avances que mejoren nuestra calidad de vida sino por el hist\u00f3rico abandono en que la capital y gran parte del estado se encuentran.<\/p>\n\n\n\n<p>Soy&nbsp;de los que&nbsp;vivieron&nbsp;de ni\u00f1os&nbsp;el Oaxaca de hace cincuenta a\u00f1os&nbsp;y&nbsp;tenemos memoria para comparar lo que se hac\u00eda entonces con pocos recursos y lo que se hace hoy con abundancia de millones de pesos.&nbsp;Poco o nada hay que recordar de los \u00faltimos gobiernos, municipales y estatales.<\/p>\n\n\n\n<p>Aquella se\u00f1orial Verde Antequera era una ciudad para la vida de sus propios habitantes.&nbsp;Los gobiernos de hoy se olvidaron de nosotros y todo se hace en funci\u00f3n del turista&nbsp;y del bolsillo de los funcionarios. Los cambios de uso de suelo&nbsp;no son de a gratis.<\/p>\n\n\n\n<p>No s\u00e9 si la modernidad expresada en las transformaciones urbanas de los \u00faltimos a\u00f1os deje beneficios para todos o solo generen empleos mal pagados.&nbsp;Camino por las calles de los arquitos&nbsp;y sigo viendo&nbsp;que&nbsp;los vecinos&nbsp;se quejan contra los expendios de mezcal, bares, terrazas y salones de fiesta&nbsp;y me congratulo de vivir, al menos por ahora, lejos de ese mundanal ruido y poder ejercer mi derecho a dormir sin tener que escuchar el reguet\u00f3n toda la noche. Es evidente que la autoridad municipal, que gracias a dios ya se va, sigue sin escucharlos.<\/p>\n\n\n\n<p>Como&nbsp;a los viejos oaxaque\u00f1os, me gusta caminar por el centro. Algunas obras se realizan alrededor del z\u00f3calo y supongo que debemos dar gracias a los l\u00edderes de los ambulantes que otorgaron su consentimiento para hacerlas, lo que no tiene nombre es la p\u00e9sima calidad de ellas que ni siquiera pudieron igualar el estampado del nuevo piso de cemento con el que dej\u00f3 Ulises Ru\u00edz. No me gusta decirlo, pero despu\u00e9s de \u00e9l casi nada han hecho todos los dem\u00e1s juntos por la&nbsp;ciudad&nbsp;capital.<\/p>\n\n\n\n<p>Los oaxaque\u00f1os nos sentimos orgullosos de nuestros mercados o, m\u00e1s bien, de la cultura que a trav\u00e9s de ellos se expresa. Pero el orgullo debemos tragarlo ante la situaci\u00f3n que priva en el mercado de abastos, una zona&nbsp;que&nbsp;hoy&nbsp;re\u00fane&nbsp;todos los s\u00edmbolos de lo que no deber\u00eda ser: abandono, corrupci\u00f3n, mafias,&nbsp;prostituci\u00f3n, drogas,&nbsp;delincuencia y dos obras inconclusas: el city bus y la remodelaci\u00f3n de la zona de pan y fondas. \u00bfD\u00f3nde est\u00e1n los diputados, el gobernador y el presidente municipal que no mueven un dedo por&nbsp;arreglar&nbsp;ese&nbsp;desastre?&nbsp;<\/p>\n\n\n\n<p>Desde el gobierno&nbsp;piensan&nbsp;que&nbsp;debemos estar felices porque pronto tendremos un parque primaveral,&nbsp;que seguro solo funcionar\u00e1 este sexenio.&nbsp;O porque&nbsp;est\u00e1n pintando con los colores del arco iris las fachas de las casas construidas en los cerros de San Juanito.&nbsp;El sentido com\u00fan se pregunta, \u00bfY&nbsp;para cu\u00e1ndo&nbsp;piensan tapar todos los baches de las calles&nbsp;y arreglar los sem\u00e1foros?<\/p>\n\n\n\n<p>\u00bfSer\u00e1 tan dif\u00edcil&nbsp;de&nbsp;ver que podr\u00edan hacer muchas cosas sin grandes gastos? Si, les resulta dif\u00edcil porque en los grandes gastos que no en las&nbsp;obras funcionales&nbsp;est\u00e1 el negocio. \u00bfPor qu\u00e9 el ayuntamiento no invita a quienes viven en esquina a rotular el nombre de sus calles y a pedir que todos tengan visible el n\u00famero de su casa? Algo tan sencillo aplicado a todo el municipio y no \u00fanicamente al centro ser\u00eda&nbsp;de gran ayuda. \u00bfSer\u00e1 que el gobierno no pueda colocar se\u00f1al\u00e9tica que indique los l\u00edmites de velocidad como los hab\u00eda antes&nbsp;en cada calle? No, yo creo que es mejor negocio&nbsp;para el ayuntamiento&nbsp;ama\u00f1arse con los due\u00f1os de las gr\u00faas para andar levantando veh\u00edculos. \u00bfNo podr\u00edan dejar de usar los recursos de comunicaci\u00f3n social para difundir cada gesto del gobernador o mun\u00edcipe y hacer campa\u00f1as para recuperar valores c\u00edvicos?&nbsp;El tema de la basura, el ahorro del agua, la educaci\u00f3n vial el exceso de ruido y la contaminaci\u00f3n&nbsp;luminosa son asuntos que se corrigen con educaci\u00f3n y no represi\u00f3n.<\/p>\n\n\n\n<p>Hay una evidente p\u00e9rdida de capital social y valores c\u00edvicos que complican la vida cotidiana. Una parte es&nbsp;generada e implantada en la cabeza de las infancias&nbsp;por&nbsp;la torcida ideolog\u00eda del magisterio&nbsp;en su \u00e1nimo de formar generaciones de zombis&nbsp;a quienes manipular para mantener sus privilegios de por vida. Otra parte muy importante es consecuencia de la degradaci\u00f3n de la clase pol\u00edtica, la oficial y la de oposici\u00f3n&nbsp;que&nbsp;est\u00e1n al servicio del crimen organizado.&nbsp;La corrupci\u00f3n en los gobiernos es una caracter\u00edstica definitoria&nbsp;de cada administraci\u00f3n,&nbsp;pero hoy alcanza niveles de cinismo.<\/p>\n\n\n\n<p>La realidad acaba por imponerse al discurso ma\u00f1anero. La gran mentira del \u201cModelo Oaxaca\u201d&nbsp;del&nbsp;morenista Alejandro Murat&nbsp;dej\u00f3 obras inconclusas como el Centro Cultural \u00c1lvaro Carrillo,&nbsp;el Centro de Convenciones&nbsp;o el in\u00fatil Centro Gastron\u00f3mico, pero justific\u00f3 millones&nbsp;y reparti\u00f3 notar\u00edas al c\u00e1rtel del despojo.&nbsp;Los&nbsp;muertos y ejecutados de todos los d\u00edas nos dicen que&nbsp;el discurso oficial es una sarta de mentiras, como lo&nbsp;fueron los abrazos y no balazos.&nbsp;La ciudad educadora del municipio&nbsp;fue&nbsp;otra&nbsp;mentira de campa\u00f1a.Hist\u00f3ricamente estamos peor que antes y al inicio de una&nbsp;profunda&nbsp;crisis econ\u00f3mica&nbsp;responsabilidad absoluta de la 4T.<\/p>\n\n\n\n<p>nestoryuri@yahoo.com<\/p>\n","protected":false},"excerpt":{"rendered":"<p>N\u00e9stor Y. S\u00e1nchez Islas No puedo dejar de ver que nuestra tierra vive un momento&hellip;<\/p>\n","protected":false},"author":2,"featured_media":67897,"comment_status":"closed","ping_status":"open","sticky":false,"template":"","format":"standard","meta":{"_lmt_disableupdate":"","_lmt_disable":"","_jetpack_memberships_contains_paid_content":false,"footnotes":""},"categories":[456,109],"tags":[3050],"class_list":["post-73528","post","type-post","status-publish","format-standard","has-post-thumbnail","hentry","category-columna","category-minuto-a-minuto","tag-nestor-yuri-sanchez"],"jetpack_featured_media_url":"https:\/\/zonaroja.com.mx\/wp-content\/uploads\/2024\/05\/Opinion-Nestor-Yuri-Sanchez.jpeg","jetpack_sharing_enabled":true,"_links":{"self":[{"href":"https:\/\/zonaroja.com.mx\/index.php?rest_route=\/wp\/v2\/posts\/73528","targetHints":{"allow":["GET"]}}],"collection":[{"href":"https:\/\/zonaroja.com.mx\/index.php?rest_route=\/wp\/v2\/posts"}],"about":[{"href":"https:\/\/zonaroja.com.mx\/index.php?rest_route=\/wp\/v2\/types\/post"}],"author":[{"embeddable":true,"href":"https:\/\/zonaroja.com.mx\/index.php?rest_route=\/wp\/v2\/users\/2"}],"replies":[{"embeddable":true,"href":"https:\/\/zonaroja.com.mx\/index.php?rest_route=%2Fwp%2Fv2%2Fcomments&post=73528"}],"version-history":[{"count":1,"href":"https:\/\/zonaroja.com.mx\/index.php?rest_route=\/wp\/v2\/posts\/73528\/revisions"}],"predecessor-version":[{"id":73529,"href":"https:\/\/zonaroja.com.mx\/index.php?rest_route=\/wp\/v2\/posts\/73528\/revisions\/73529"}],"wp:featuredmedia":[{"embeddable":true,"href":"https:\/\/zonaroja.com.mx\/index.php?rest_route=\/wp\/v2\/media\/67897"}],"wp:attachment":[{"href":"https:\/\/zonaroja.com.mx\/index.php?rest_route=%2Fwp%2Fv2%2Fmedia&parent=73528"}],"wp:term":[{"taxonomy":"category","embeddable":true,"href":"https:\/\/zonaroja.com.mx\/index.php?rest_route=%2Fwp%2Fv2%2Fcategories&post=73528"},{"taxonomy":"post_tag","embeddable":true,"href":"https:\/\/zonaroja.com.mx\/index.php?rest_route=%2Fwp%2Fv2%2Ftags&post=73528"}],"curies":[{"name":"wp","href":"https:\/\/api.w.org\/{rel}","templated":true}]}}