{"id":7353,"date":"2020-01-06T07:51:33","date_gmt":"2020-01-06T13:51:33","guid":{"rendered":"http:\/\/www.zonaroja.com.mx\/?p=7353"},"modified":"2020-01-06T07:51:47","modified_gmt":"2020-01-06T13:51:47","slug":"musicos-de-orquestas-onem-denuncian-maltrato-laboral-y-exigen-pagos","status":"publish","type":"post","link":"https:\/\/zonaroja.com.mx\/?p=7353","title":{"rendered":"M\u00fasicos de orquestas ONEM denuncian maltrato laboral y exigen pagos"},"content":{"rendered":"\n<p>Yuridiana\nSosa\/Zona Roja.<\/p>\n\n\n\n<p>Oaxaca\nde Ju\u00e1rez, Oax., 6 de enero de 2020.- Ante los abusos labores que reciben\ncientos de integrantes de las Orquestas de la Nueva Escuela Mexicana (ONEM),\n(antes Esperanza Azteca), por parte del organismo, asesores externos, entre\nprofesores de instrumento y coros, alzaron la voz para denunciar los problemas\nque padecen desde hace varios meses.<\/p>\n\n\n\n<p>A\ntrav\u00e9s de la p\u00e1gina mundial de denuncias, Change.org, los m\u00fasicos expusieron el\nmaltrato laboral que sufren por parte de los administrativos del proyecto.<\/p>\n\n\n\n<p>En\nOaxaca se concret\u00f3 el proyecto musical en los municipios de Zimatl\u00e1n de\n\u00c1lvarez, en los Valles Centrales, y Huajupan de Le\u00f3n, en la regi\u00f3n Mixteca.<\/p>\n\n\n\n<p>\u201cFalta\nde humanismo y un derroche de burocracia y autoritarismo, han incurrido en una\nserie de actos deleznables en contra de nuestra dignidad como m\u00fasicos y\ntrabajadores\u201d, indicaron en la p\u00e1gina.<\/p>\n\n\n\n<p>Entre\nlos problemas principales, se encuentra la falta de pago de sus salarios hasta\npor seis meses, oblig\u00e1ndolos a continuar con sus labores, e incluso, amenazas\nde descontar por algunas ausencias; pues los m\u00fasicos han buscado trabajos de\nremuneraci\u00f3n inmediata para solventar las necesidades en su familia.<\/p>\n\n\n\n<p>Los\ntrabajadores de las orquestas tambi\u00e9n fueron amenazados con el despido y veto\npor preguntar en las dependencias correspondientes sobre el pago, as\u00ed como por\nintentar hacer p\u00fablico el descontento.<\/p>\n\n\n\n<p>Ante\nesas circunstancias, en una forma desesperada de recibir respuesta, los\nafectados piden a trav\u00e9s de dicha p\u00e1gina atenci\u00f3n directa del Presidente Andr\u00e9s\nManuel L\u00f3pez Obrador y del secretario de Educaci\u00f3n, Esteban Moctezuma Barrag\u00e1n,\nas\u00ed como de las dependencias correspondientes.<\/p>\n","protected":false},"excerpt":{"rendered":"<p>Yuridiana Sosa\/Zona Roja. Oaxaca de Ju\u00e1rez, Oax., 6 de enero de 2020.- Ante los abusos&hellip;<\/p>\n","protected":false},"author":2,"featured_media":7354,"comment_status":"closed","ping_status":"open","sticky":false,"template":"","format":"standard","meta":{"_lmt_disableupdate":"","_lmt_disable":"","_jetpack_memberships_contains_paid_content":false,"footnotes":""},"categories":[109,47],"tags":[1242],"class_list":["post-7353","post","type-post","status-publish","format-standard","has-post-thumbnail","hentry","category-minuto-a-minuto","category-zona-gris","tag-orquesta-de-la-nueva-escuela-mexicana"],"jetpack_featured_media_url":"https:\/\/zonaroja.com.mx\/wp-content\/uploads\/2020\/01\/ONEM.jpg","jetpack_sharing_enabled":true,"_links":{"self":[{"href":"https:\/\/zonaroja.com.mx\/index.php?rest_route=\/wp\/v2\/posts\/7353","targetHints":{"allow":["GET"]}}],"collection":[{"href":"https:\/\/zonaroja.com.mx\/index.php?rest_route=\/wp\/v2\/posts"}],"about":[{"href":"https:\/\/zonaroja.com.mx\/index.php?rest_route=\/wp\/v2\/types\/post"}],"author":[{"embeddable":true,"href":"https:\/\/zonaroja.com.mx\/index.php?rest_route=\/wp\/v2\/users\/2"}],"replies":[{"embeddable":true,"href":"https:\/\/zonaroja.com.mx\/index.php?rest_route=%2Fwp%2Fv2%2Fcomments&post=7353"}],"version-history":[{"count":1,"href":"https:\/\/zonaroja.com.mx\/index.php?rest_route=\/wp\/v2\/posts\/7353\/revisions"}],"predecessor-version":[{"id":7355,"href":"https:\/\/zonaroja.com.mx\/index.php?rest_route=\/wp\/v2\/posts\/7353\/revisions\/7355"}],"wp:featuredmedia":[{"embeddable":true,"href":"https:\/\/zonaroja.com.mx\/index.php?rest_route=\/wp\/v2\/media\/7354"}],"wp:attachment":[{"href":"https:\/\/zonaroja.com.mx\/index.php?rest_route=%2Fwp%2Fv2%2Fmedia&parent=7353"}],"wp:term":[{"taxonomy":"category","embeddable":true,"href":"https:\/\/zonaroja.com.mx\/index.php?rest_route=%2Fwp%2Fv2%2Fcategories&post=7353"},{"taxonomy":"post_tag","embeddable":true,"href":"https:\/\/zonaroja.com.mx\/index.php?rest_route=%2Fwp%2Fv2%2Ftags&post=7353"}],"curies":[{"name":"wp","href":"https:\/\/api.w.org\/{rel}","templated":true}]}}