{"id":73539,"date":"2024-10-17T11:30:00","date_gmt":"2024-10-17T17:30:00","guid":{"rendered":"https:\/\/zonaroja.com.mx\/?p=73539"},"modified":"2024-10-17T08:08:19","modified_gmt":"2024-10-17T14:08:19","slug":"eu-ahora-va-por-miguel-trevino-y-omar-trevino-lideres-de-los-zetas","status":"publish","type":"post","link":"https:\/\/zonaroja.com.mx\/?p=73539","title":{"rendered":"EU ahora va por Miguel Trevi\u00f1o y Omar Trevi\u00f1o, l\u00edderes de \u201cLos Zetas\u201d"},"content":{"rendered":"\n<p>Redacci\u00f3n\/Zona Roja Cdmx.<\/p>\n\n\n\n<p>Ciudad de M\u00e9xico, a 17 de octubre de 2024.- El Departamento de Justicia de Estados Unidos present\u00f3 una nueva acusaci\u00f3n en contra de dos l\u00edderes hist\u00f3ricos de la organizaci\u00f3n delictiva de \u201cLos Zetas\u201d, al existir evidencia de que han continuado sus actividades criminales en M\u00e9xico a pesar de estar encarcelados.<\/p>\n\n\n\n<p>Miguel Trevi\u00f1o Morales, \u201cZ-40\u201d, de 51 a\u00f1os, y su hermano, Omar Trevi\u00f1o Morales, \u201cZ-42\u201d, de 48 a\u00f1os, son acusados de \u201ccontinua iniciativa criminal\u201d; conspiraci\u00f3n de tr\u00e1fico de drogas; delitos con armas de fuego; y conspiraci\u00f3n de lavado de dinero internacional.<\/p>\n\n\n\n<p>Ambos ya enfrentan proceso de extradici\u00f3n a Estados Unidos por cargos de narcotr\u00e1fico. La acusaci\u00f3n formal ante el Distrito de Columbia fue revelada este mi\u00e9rcoles, pr\u00e1cticamente al mismo tiempo que el exsecretario de Seguridad P\u00fablica, Genaro Garc\u00eda Luna, era sentenciado a m\u00e1s de 38 los de c\u00e1rcel en una Corte de Nueva York, por proteger al C\u00e1rtel de Sinaloa.<\/p>\n\n\n\n<p>El Embajador de Estados Unidos en M\u00e9xico, Ken Salazar, afirm\u00f3 que la acusaci\u00f3n contra el \u201cZ-40\u201d y el \u201cZ-42\u201d resalta los esfuerzos de su gobierno para desmantelar las organizaciones criminales transnacionales que generan inseguridad y violencia en ambos pa\u00edses.<\/p>\n\n\n\n<p>\u201cSe les acusa que, a pesar de estar en prisi\u00f3n, han seguido en control del Cartel del Noreste (CDN), antes conocido como \u2018Los Zetas\u2019, y han continuado con sus actividades criminales en M\u00e9xico\u201d, advirti\u00f3 el diplom\u00e1tico.<\/p>\n\n\n\n<p>\u201cLa acusaci\u00f3n alega que son personalmente responsables de cometer docenas de asesinatos y de dirigir asesinatos, secuestros y actos de tortura por parte de miembros de Los Zetas y del CDN para promover y proteger las actividades de tr\u00e1fico de drogas del cartel y enriquecer a sus miembros\u201d.<\/p>\n\n\n\n<p>En medio del distanciamiento con Palacio Nacional tras sus cr\u00edticas a la reforma judicial, Salazar subray\u00f3 que la gravedad de la acusaci\u00f3n subraya la importancia del trabajo compartido y la cooperaci\u00f3n con M\u00e9xico en temas de inter\u00e9s com\u00fan, para proteger la seguridad y el bienestar de los pueblos.<\/p>\n\n\n\n<p>\u201cZ-40\u201d y \u201cZ-42\u201d, seg\u00fan el expediente, tuvieron el control de \u201cLos Zetas\u201d cuando esta organizaci\u00f3n era el brazo armado del Cartel del Golfo para mantener el control de las rutas de tr\u00e1fico de drogas en M\u00e9xico.<\/p>\n\n\n\n<p>\u201cDesde que se convirtieron en l\u00edderes de Los Zetas en 2012, que luego renombraron como Cartel del Noreste, se alega que los acusados han continuado su historia y patr\u00f3n de utilizar violencia extrema para controlar grandes extensiones del norte de M\u00e9xico, incluyendo a lo largo de la frontera con EU\u201d, se lee en la acusaci\u00f3n.<\/p>\n\n\n\n<p>Miguel y Omar Trevi\u00f1o Morales fueron encarcelados en M\u00e9xico en 2013 y 2015, respectivamente, pero siguieron controlando el CDN por diversos medios, incluyendo la colocaci\u00f3n de familiares para dirigir las operaciones en su representaci\u00f3n.<\/p>\n\n\n\n<p>Se alega que los hermanos son personalmente responsables de cometer docenas de asesinatos y de dirigir asesinatos, secuestros y actos de tortura para promover y proteger las actividades de tr\u00e1fico de drogas del Cartel y enriquecer a sus miembros.<\/p>\n\n\n\n<p>De ser condenados, los acusados enfrentan una pena m\u00e1xima de cadena perpetua.<\/p>\n\n\n\n<p>\u201cComo se alega en la acusaci\u00f3n formal, los acusados dirigieron una organizaci\u00f3n de tr\u00e1fico de drogas transnacional que fue responsable de cometer violencia extrema y de traficar enormes cantidades de narc\u00f3ticos a Estados Unidos\u201d, declar\u00f3 Nicole Argentieri, fiscal principal adjunta del Departamento de Justicia, jefa de la Divisi\u00f3n Criminal del Departamento.<\/p>\n\n\n\n<p>\u201cEl Departamento de Justicia est\u00e1 comprometido a hacer que los l\u00edderes de carteles como los acusados rindan cuentas por envenenar comunidades estadounidenses y alimentar la violencia aqu\u00ed y en el extranjero. Tambi\u00e9n estamos comprometidos a trabajar con nuestros colegas nacionales e internacionales en este esfuerzo, y estamos agradecidos con nuestros aliados, las autoridades mexicanas de procuraci\u00f3n de justicia, por su continua colaboraci\u00f3n en este caso\u201d.<\/p>\n\n\n\n<p>(Informaci\u00f3n de \u201cExpansi\u00f3n Pol\u00edtica\u201d)<\/p>\n","protected":false},"excerpt":{"rendered":"<p>Redacci\u00f3n\/Zona Roja Cdmx. Ciudad de M\u00e9xico, a 17 de octubre de 2024.- El Departamento de&hellip;<\/p>\n","protected":false},"author":2,"featured_media":73540,"comment_status":"closed","ping_status":"open","sticky":false,"template":"","format":"standard","meta":{"_lmt_disableupdate":"","_lmt_disable":"","_jetpack_memberships_contains_paid_content":false,"footnotes":""},"categories":[109,46],"tags":[],"class_list":["post-73539","post","type-post","status-publish","format-standard","has-post-thumbnail","hentry","category-minuto-a-minuto","category-zona-blanca"],"jetpack_featured_media_url":"https:\/\/zonaroja.com.mx\/wp-content\/uploads\/2024\/10\/Los-Zetas.jpg","jetpack_sharing_enabled":true,"_links":{"self":[{"href":"https:\/\/zonaroja.com.mx\/index.php?rest_route=\/wp\/v2\/posts\/73539","targetHints":{"allow":["GET"]}}],"collection":[{"href":"https:\/\/zonaroja.com.mx\/index.php?rest_route=\/wp\/v2\/posts"}],"about":[{"href":"https:\/\/zonaroja.com.mx\/index.php?rest_route=\/wp\/v2\/types\/post"}],"author":[{"embeddable":true,"href":"https:\/\/zonaroja.com.mx\/index.php?rest_route=\/wp\/v2\/users\/2"}],"replies":[{"embeddable":true,"href":"https:\/\/zonaroja.com.mx\/index.php?rest_route=%2Fwp%2Fv2%2Fcomments&post=73539"}],"version-history":[{"count":1,"href":"https:\/\/zonaroja.com.mx\/index.php?rest_route=\/wp\/v2\/posts\/73539\/revisions"}],"predecessor-version":[{"id":73541,"href":"https:\/\/zonaroja.com.mx\/index.php?rest_route=\/wp\/v2\/posts\/73539\/revisions\/73541"}],"wp:featuredmedia":[{"embeddable":true,"href":"https:\/\/zonaroja.com.mx\/index.php?rest_route=\/wp\/v2\/media\/73540"}],"wp:attachment":[{"href":"https:\/\/zonaroja.com.mx\/index.php?rest_route=%2Fwp%2Fv2%2Fmedia&parent=73539"}],"wp:term":[{"taxonomy":"category","embeddable":true,"href":"https:\/\/zonaroja.com.mx\/index.php?rest_route=%2Fwp%2Fv2%2Fcategories&post=73539"},{"taxonomy":"post_tag","embeddable":true,"href":"https:\/\/zonaroja.com.mx\/index.php?rest_route=%2Fwp%2Fv2%2Ftags&post=73539"}],"curies":[{"name":"wp","href":"https:\/\/api.w.org\/{rel}","templated":true}]}}