{"id":73546,"date":"2024-10-17T17:53:23","date_gmt":"2024-10-17T23:53:23","guid":{"rendered":"https:\/\/zonaroja.com.mx\/?p=73546"},"modified":"2024-10-17T17:53:26","modified_gmt":"2024-10-17T23:53:26","slug":"dos-ataques-armados-en-la-cdmx-dejan-dos-muertos-y-dos-heridos","status":"publish","type":"post","link":"https:\/\/zonaroja.com.mx\/?p=73546","title":{"rendered":"Dos ataques armados en la Cdmx dejan dos muertos y dos heridos"},"content":{"rendered":"\n<p>Redacci\u00f3n\/Zona Roja Cdmx.<\/p>\n\n\n\n<p>Ciudad de M\u00e9xico, a 17 de octubre de 2024.- A pocos d\u00edas de haber asumido, Clara Brugada sufri\u00f3 este jueves un fuerte golpe a su gesti\u00f3n a ra\u00edz de dos ataques con claro signos del crimen organizado que dispararon el temor en la capital nacional.&nbsp;<\/p>\n\n\n\n<p>Primero, el asesinato de una reconocida abogada penalista en la colonia Roma Sur y, horas despu\u00e9s, otro ataque armado en el Centro Hist\u00f3rico contra la dirigente social vinculada al comercio callejero, Diana S\u00e1nchez Barrios.<\/p>\n\n\n\n<p>Hace mucho tiempo no se ve\u00eda en la capital nacional dos hechos violentos de este tipo parecidos a ejecuciones a plena luz el d\u00eda. Como inform\u00f3 \u201cLa Pol\u00edtica on Line\u201d, el primer caso sucedi\u00f3 este mediod\u00eda cuando la reconocida abogada penalista Oralia P\u00e9rez Gardu\u00f1o sufri\u00f3 un ataque con diez tiros que le cost\u00f3 la vida en la esquina de Viaducto Miguel Alem\u00e1n y Avenida Cuauht\u00e9moc, en pleno coraz\u00f3n de la colonia Roma Sur.<\/p>\n\n\n\n<p>La violenta jornada no termin\u00f3 con ese suceso ocurrido a pocos metros del reconocido centro comercial de Parque Delta. Horas despu\u00e9s, en el Centro Hist\u00f3rico de la capital fue atacada la activista social y pol\u00edtica Diana S\u00e1nchez Barrios, quien lidera uno de los sectores m\u00e1s importantes del comercio callejero en la alcald\u00eda Cuauht\u00e9moc. En el ataque tambi\u00e9n resultaron heridos dos hombres vinculados a su familia. Uno de ellos con un disparo en la cabeza y otro en su hombro izquierdo, quien habr\u00eda fallecido en el hospital.<\/p>\n\n\n\n<p>Por el momento, las autoridades llevan a cabo las respectivas investigaciones para dar con los culpables y revelar si existe alguna conexi\u00f3n entre los dos sucesos. Seg\u00fan pudo saber LPO, las primeras hip\u00f3tesis sobre el asesinato de Oralia P\u00e9rez Gardu\u00f1o transcurren por una posible relaci\u00f3n amorosa que habr\u00eda mantenido con un hombre que estar\u00eda detenido en una prisi\u00f3n de la capital nacional. As\u00ed se lo confirmaron a esta redacci\u00f3n fuentes policiales.<\/p>\n\n\n\n<p>En ese suceso llama la atenci\u00f3n el accionar de los dos hombres que llevaron a cabo el ataque. Seg\u00fan los videos analizados y las primeras pesquisas, dos sujetos se colocaron a su par, donde efectuaron diez disparos. Despu\u00e9s, huyeron a toda velocidad y abandonaron la moto en la que se movilizaban dos kil\u00f3metros m\u00e1s tarde, cerca de la estaci\u00f3n Chabacano de la L\u00ednea 2 del Metro, donde habr\u00edan hecho conexi\u00f3n con la L\u00ednea 9.<\/p>\n\n\n\n<p>Al mismo tiempo, el ataque sobre Diana S\u00e1nchez Barrios llama la atenci\u00f3n de las autoridades por el lugar donde se llev\u00f3 a cabo en pleno centro hist\u00f3rico: la esquina de Motolin\u00eda y 5 de Mayo, cuando se dirig\u00eda a sus oficinas luego de haber presentado un punto de acuerdo en el Congreso local.&nbsp;<\/p>\n\n\n\n<p>Seg\u00fan pudo saber LPO, en su entorno se\u00f1alan al crimen organizado, especialmente a organizaciones con actividad en la alcald\u00eda Cuauht\u00e9moc que tambi\u00e9n disputan el comercio del callejero y que la habr\u00edan amenazado en el pasado.<\/p>\n\n\n\n<p>(Informaci\u00f3n y foto: \u201cLa Pol\u00edtica on Line\u201d)<\/p>\n","protected":false},"excerpt":{"rendered":"<p>Redacci\u00f3n\/Zona Roja Cdmx. Ciudad de M\u00e9xico, a 17 de octubre de 2024.- A pocos d\u00edas&hellip;<\/p>\n","protected":false},"author":2,"featured_media":73547,"comment_status":"closed","ping_status":"open","sticky":false,"template":"","format":"standard","meta":{"_lmt_disableupdate":"","_lmt_disable":"","_jetpack_memberships_contains_paid_content":false,"footnotes":""},"categories":[109,51],"tags":[1111],"class_list":["post-73546","post","type-post","status-publish","format-standard","has-post-thumbnail","hentry","category-minuto-a-minuto","category-zona-roja","tag-ciudad-de-mexico"],"jetpack_featured_media_url":"https:\/\/zonaroja.com.mx\/wp-content\/uploads\/2024\/10\/Ataque-armado-Ciudad-de-Mexico.jpg","jetpack_sharing_enabled":true,"_links":{"self":[{"href":"https:\/\/zonaroja.com.mx\/index.php?rest_route=\/wp\/v2\/posts\/73546","targetHints":{"allow":["GET"]}}],"collection":[{"href":"https:\/\/zonaroja.com.mx\/index.php?rest_route=\/wp\/v2\/posts"}],"about":[{"href":"https:\/\/zonaroja.com.mx\/index.php?rest_route=\/wp\/v2\/types\/post"}],"author":[{"embeddable":true,"href":"https:\/\/zonaroja.com.mx\/index.php?rest_route=\/wp\/v2\/users\/2"}],"replies":[{"embeddable":true,"href":"https:\/\/zonaroja.com.mx\/index.php?rest_route=%2Fwp%2Fv2%2Fcomments&post=73546"}],"version-history":[{"count":1,"href":"https:\/\/zonaroja.com.mx\/index.php?rest_route=\/wp\/v2\/posts\/73546\/revisions"}],"predecessor-version":[{"id":73548,"href":"https:\/\/zonaroja.com.mx\/index.php?rest_route=\/wp\/v2\/posts\/73546\/revisions\/73548"}],"wp:featuredmedia":[{"embeddable":true,"href":"https:\/\/zonaroja.com.mx\/index.php?rest_route=\/wp\/v2\/media\/73547"}],"wp:attachment":[{"href":"https:\/\/zonaroja.com.mx\/index.php?rest_route=%2Fwp%2Fv2%2Fmedia&parent=73546"}],"wp:term":[{"taxonomy":"category","embeddable":true,"href":"https:\/\/zonaroja.com.mx\/index.php?rest_route=%2Fwp%2Fv2%2Fcategories&post=73546"},{"taxonomy":"post_tag","embeddable":true,"href":"https:\/\/zonaroja.com.mx\/index.php?rest_route=%2Fwp%2Fv2%2Ftags&post=73546"}],"curies":[{"name":"wp","href":"https:\/\/api.w.org\/{rel}","templated":true}]}}